{"id":10955,"date":"2025-02-04T10:00:07","date_gmt":"2025-02-04T13:00:07","guid":{"rendered":"https:\/\/fecomercio-pe.com.br\/site\/?p=10955"},"modified":"2025-02-05T10:48:31","modified_gmt":"2025-02-05T13:48:31","slug":"estudo-inedito-aponta-perspectivas-e-oportunidades-economicas-para-jaboatao-dos-guararapes","status":"publish","type":"post","link":"https:\/\/fecomercio-pe.com.br\/site\/estudo-inedito-aponta-perspectivas-e-oportunidades-economicas-para-jaboatao-dos-guararapes\/","title":{"rendered":"Estudo in\u00e9dito aponta perspectivas e oportunidades econ\u00f4micas para Jaboat\u00e3o dos Guararapes"},"content":{"rendered":"<p><em>Fecom\u00e9rcio PE apresenta diagn\u00f3stico detalhado para impulsionar o desenvolvimento econ\u00f4mico de Jaboat\u00e3o durante F\u00f3rum de Debates<\/em><\/p>\n<p>A Federa\u00e7\u00e3o do Com\u00e9rcio de Bens, Servi\u00e7os e Turismo do Estado de Pernambuco (Fecom\u00e9rcio-PE), por meio do Instituto Fecom\u00e9rcio-PE, lan\u00e7ar\u00e1, na pr\u00f3xima quarta-feira (12), o estudo \u201cPerspectivas e Oportunidades Econ\u00f4micas de Jaboat\u00e3o dos Guararapes\u201d. O diagn\u00f3stico ser\u00e1 apresentado no primeiro F\u00f3rum de Debates de 2025, realizado no Sesc Piedade, em Jaboat\u00e3o, pela economista Tania Bacelar e o economista Valdeci Monteiro. A pesquisa, elaborada pela Consultoria Econ\u00f4mica e Planejamento (CEPLAN), analisa aspectos econ\u00f4micos, demogr\u00e1ficos, sociais e de infraestrutura do munic\u00edpio, al\u00e9m de propor solu\u00e7\u00f5es estrat\u00e9gicas para impulsionar o crescimento sustent\u00e1vel da cidade e fortalecer os neg\u00f3cios locais. O evento conta com a parceria do Sebrae Pernambuco e o apoio do Sesc PE e do Sindicom PE Jaboat\u00e3o dos Guararapes. As inscri\u00e7\u00f5es s\u00e3o gratuitas e podem ser realizadas pelo link (<a href=\"https:\/\/eventos.fecomercio-pe.com.br\/2025\/forum-de-debates\/jaboata\">https:\/\/eventos.fecomercio-pe.com.br\/2025\/forum-de-debates\/jaboata<\/a>o).<\/p>\n<p>O estudo mapeia os desafios estruturais que o munic\u00edpio de Jaboat\u00e3o dos Guararapes enfrenta, como a necessidade de melhorias em infraestrutura e servi\u00e7os p\u00fablicos, e aponta as potencialidades da cidade, como o com\u00e9rcio, a log\u00edstica e o setor de servi\u00e7os. \u201cA pesquisa oferece um conjunto de recomenda\u00e7\u00f5es pr\u00e1ticas tanto para gestores p\u00fablicos quanto para empres\u00e1rios, fornecendo dados cruciais para decis\u00f5es estrat\u00e9gicas\u201d, explica Bernardo Peixoto, presidente do Sistema Fecom\u00e9rcio\/Sesc\/Senac-PE. \u201cAl\u00e9m disso, o estudo faz uma an\u00e1lise detalhada sobre os setores econ\u00f4micos que mais impactam a cidade, como o com\u00e9rcio local, o desenvolvimento urbano e a qualifica\u00e7\u00e3o profissional, e a partir dessas informa\u00e7\u00f5es, busca identificar oportunidades de neg\u00f3cios e investimentos que possam alavancar o desenvolvimento local\u201d, diz o presidente.<\/p>\n<p>Em seu diagn\u00f3stico, o estudo tamb\u00e9m aborda aspectos como demografia, indicadores sociais e as condi\u00e7\u00f5es de sa\u00fade, educa\u00e7\u00e3o e seguran\u00e7a de Jaboat\u00e3o, al\u00e9m de destacar a infraestrutura da cidade e os investimentos previstos. A pesquisa sugere, ainda, um alinhamento entre os setores p\u00fablico e privado para enfrentar desafios como a escassez de recursos em algumas \u00e1reas e a necessidade de a\u00e7\u00f5es mais integradas para promover o desenvolvimento sustent\u00e1vel. &#8220;Durante o F\u00f3rum de Debates, os economistas Tania Bacelar e Valdeci Monteiro discutir\u00e3o como transformar essas an\u00e1lises em pol\u00edticas p\u00fablicas eficazes e estrat\u00e9gias para aumentar a competitividade de Jaboat\u00e3o no contexto da Regi\u00e3o Metropolitana do Recife&#8221;, destaca Bernardo Peixoto, presidente do Sistema Fecom\u00e9rcio\/Sesc\/Senac-PE.<\/p>\n<p><strong>Servi\u00e7o:<\/strong><br \/>\nF\u00f3rum de Debates: Perspectivas e Oportunidades Econ\u00f4micas de Jaboat\u00e3o dos Guararapes<br \/>\nData: 12 de fevereiro de 2025<br \/>\nHor\u00e1rio: 18h<br \/>\nLocal: Sesc Piedade (Rua Goiana, 40, Candeias, Jaboat\u00e3o dos Guararapes)<br \/>\nInscri\u00e7\u00f5es:<a href=\"http:\/\/eventos.fecomercio-pe.com.br\/2025\/forum-de-debates\/jaboatao\"> eventos.fecomercio-pe.com.br\/2025\/forum-de-debates\/jaboatao<\/a><\/p>\n<p>&nbsp;<\/p>\n","protected":false},"excerpt":{"rendered":"<p>Fecom\u00e9rcio PE apresenta diagn\u00f3stico detalhado para impulsionar o desenvolvimento econ\u00f4mico de Jaboat\u00e3o durante F\u00f3rum de Debates A Federa\u00e7\u00e3o do Com\u00e9rcio de Bens, Servi\u00e7os e Turismo do Estado de Pernambuco (Fecom\u00e9rcio-PE), por meio do Instituto Fecom\u00e9rcio-PE, lan\u00e7ar\u00e1, na pr\u00f3xima quarta-feira (12), o estudo \u201cPerspectivas e Oportunidades Econ\u00f4micas de Jaboat\u00e3o dos Guararapes\u201d. O diagn\u00f3stico ser\u00e1 apresentado no<br \/><a href=\"https:\/\/fecomercio-pe.com.br\/site\/estudo-inedito-aponta-perspectivas-e-oportunidades-economicas-para-jaboatao-dos-guararapes\/\" class=\"more\">Read more<\/a><\/p>\n","protected":false},"author":12,"featured_media":10956,"comment_status":"closed","ping_status":"open","sticky":false,"template":"","format":"standard","meta":{"footnotes":""},"categories":[3,4],"tags":[],"_links":{"self":[{"href":"https:\/\/fecomercio-pe.com.br\/site\/wp-json\/wp\/v2\/posts\/10955"}],"collection":[{"href":"https:\/\/fecomercio-pe.com.br\/site\/wp-json\/wp\/v2\/posts"}],"about":[{"href":"https:\/\/fecomercio-pe.com.br\/site\/wp-json\/wp\/v2\/types\/post"}],"author":[{"embeddable":true,"href":"https:\/\/fecomercio-pe.com.br\/site\/wp-json\/wp\/v2\/users\/12"}],"replies":[{"embeddable":true,"href":"https:\/\/fecomercio-pe.com.br\/site\/wp-json\/wp\/v2\/comments?post=10955"}],"version-history":[{"count":1,"href":"https:\/\/fecomercio-pe.com.br\/site\/wp-json\/wp\/v2\/posts\/10955\/revisions"}],"predecessor-version":[{"id":10957,"href":"https:\/\/fecomercio-pe.com.br\/site\/wp-json\/wp\/v2\/posts\/10955\/revisions\/10957"}],"wp:featuredmedia":[{"embeddable":true,"href":"https:\/\/fecomercio-pe.com.br\/site\/wp-json\/wp\/v2\/media\/10956"}],"wp:attachment":[{"href":"https:\/\/fecomercio-pe.com.br\/site\/wp-json\/wp\/v2\/media?parent=10955"}],"wp:term":[{"taxonomy":"category","embeddable":true,"href":"https:\/\/fecomercio-pe.com.br\/site\/wp-json\/wp\/v2\/categories?post=10955"},{"taxonomy":"post_tag","embeddable":true,"href":"https:\/\/fecomercio-pe.com.br\/site\/wp-json\/wp\/v2\/tags?post=10955"}],"curies":[{"name":"wp","href":"https:\/\/api.w.org\/{rel}","templated":true}]}}