{"id":10952,"date":"2025-02-05T10:45:13","date_gmt":"2025-02-05T13:45:13","guid":{"rendered":"https:\/\/fecomercio-pe.com.br\/site\/?p=10952"},"modified":"2025-02-05T10:45:13","modified_gmt":"2025-02-05T13:45:13","slug":"instituto-fecomercio-realiza-encontro-com-parceiros-para-apresentar-resultados-e-tracar-metas-para-2025","status":"publish","type":"post","link":"https:\/\/fecomercio-pe.com.br\/site\/instituto-fecomercio-realiza-encontro-com-parceiros-para-apresentar-resultados-e-tracar-metas-para-2025\/","title":{"rendered":"Instituto Fecom\u00e9rcio realiza encontro com parceiros para apresentar resultados e tra\u00e7ar metas para 2025"},"content":{"rendered":"<p><em>Participaram 60 pessoas representantes de institui\u00e7\u00f5es parceiras, na Casa do Com\u00e9rcio<\/em><\/p>\n<p>O Instituto Fecom\u00e9rcio promoveu, na quinta-feira (30), um encontro com as entidades parceiras dos projetos e a\u00e7\u00f5es para apresentar os resultados de 2024 e as metas para 2025. A reuni\u00e3o, que aconteceu na Casa do Com\u00e9rcio, contou com a presen\u00e7a de representantes do Tacaruna Social, Instituto Shopping Guararapes, IJCPM, Banco do Nordeste, Senac-PE, Sebrae\/PE, Ceplan, Prefeitura do Recife, Prefeitura de Bezerros, TV Asa Branca, CBN e v\u00e1rios consultores que ministram capacita\u00e7\u00f5es para empreendedores por meio do programa Forme.<\/p>\n<p>Durante o evento, que tem o objetivo de estreitar rela\u00e7\u00f5es com os parceiros das a\u00e7\u00f5es durante o ano, o superintendente do Instituto Fecom\u00e9rcio PE, Ricardo Santos, apresentou, para mais de 60 participantes, os resultados e n\u00fameros obtidos no ano de 2024. Al\u00e9m disso, ele destacou os principais pontos de trabalho a a\u00e7\u00f5es que ser\u00e3o feitas neste ano.<\/p>\n<p>&#8220;O Encontro de Parceiros do Instituto Fecom\u00e9rcio 2025 foi uma celebra\u00e7\u00e3o do impacto positivo que conseguimos gerar por meio das nossas iniciativas. Reunimos mais de 60 parceiros que, junto conosco, t\u00eam transformado vidas por meio da capacita\u00e7\u00e3o e do desenvolvimento empresarial. Esse evento reafirma nosso compromisso em seguir fortalecendo parcerias e ampliando o alcance das nossas iniciativas para um Pernambuco mais pr\u00f3spero e inovador\u201d, apontou o Superintende do Instituto Fecom\u00e9rcio PE, Ricardo Santos.<\/p>\n<p>Neste encontro, o Instituto apresentou alguns cases de sucesso frutos das a\u00e7\u00f5es com o Curso de Forma\u00e7\u00e3o Empreendedora (Forme), Programa de Capacita\u00e7\u00e3o, Moderniza\u00e7\u00e3o e Desenvolvimento Setorial (Procompec) e com a Loja Artesanato de Talentos, fruto da parceria do Instituto com IJCPM e Shopping Riomar Recife.<\/p>\n<p>De Ch\u00e3 Grande no Agreste Pernambucano, Josineide Maria, propriet\u00e1ria de uma empresa de bolos de rolo, participou do Forme em 2022. \u201cAntes de participar do Forme, eu tinha falido sete vezes. Meu marido me incentivou a fazer o curso e mesmo n\u00e3o querendo no in\u00edcio eu fui e me surpreendi. Ap\u00f3s finalizar a forma\u00e7\u00e3o, apliquei tudo que aprendi, sem mudar uma v\u00edrgula, e consegui sucesso na empresa. Hoje a Nobre Bolos de Rolo tem alcance nacional e internacional\u201d, afirmou.<\/p>\n<p>Representado os artes\u00e3os da Loja Artesanato de Talentos, Edvaldo Lopes, participante do projeto desde o in\u00edcio em 2015, contou um pouco de sua trajet\u00f3ria no projeto. \u201cEu aprendi a valorizar meu trabalho. Ter meus produtos sendo comercializados em uma loja de um shopping como o Riomar \u00e9 muito gratificante, pois eu vejo as pessoas pagando o pre\u00e7o que realmente deve ser pago pelo meu trabalho. Atrav\u00e9s dos cursos e reconhecimento que esse projeto oferece, eu j\u00e1 consegui fazer at\u00e9 decora\u00e7\u00f5es tem\u00e1ticas em shoppings. Sou muito grato por todos que fazem esse projeto\u201d, apontou.<\/p>\n<p>Alexsandra Silva, coordenadora de Empregabilidade do Instituto JCPM, apontou a import\u00e2ncia das a\u00e7\u00f5es trabalhadas em conjunto para o desenvolvimento social das pessoas impactadas. \u201cEsse tipo de evento nos ajuda na constru\u00e7\u00e3o de novas oportunidades de colabora\u00e7\u00e3o. Al\u00e9m de ser um momento para celebrar as conquistas, discutir desafios e planejar a\u00e7\u00f5es futuras. Acho fundamental para manuten\u00e7\u00e3o das parcerias\u201d, disse.<\/p>\n<p>\u201cOs depoimentos dos alunos do Forme, Procompec e Artesanato de Talentos refor\u00e7aram a import\u00e2ncia das a\u00e7\u00f5es do Instituto, mostrando que estamos no caminho certo ao proporcionar oportunidades reais para empreendedores e profissionais&#8221;, concluiu Ricardo Santos.<\/p>\n<p>Durante o encontro tamb\u00e9m ocorreu a apresenta\u00e7\u00e3o das tend\u00eancias do NRF Retail\u2019s Big Show e sua aplicabilidade ao varejo nacional. Adriane Carvalho, uma das consultoras parceiras do Instituto Fecom\u00e9rcio destacou a import\u00e2ncia de participar do encontro. \u201cA Fecom\u00e9rcio \u00e9 sempre \u00e0 frente do seu tempo e trazendo inova\u00e7\u00e3o, trazendo novidades e not\u00edcias do mundo. Foram mostradas as tend\u00eancias apresentadas na NRF que ocorreu no in\u00edcio de janeiro em Nova York. \u00c9 muito importante estar aqui, porque estamos nos atualizando dos resultados do Instituto e sobre as tend\u00eancias internacionais do mercado\u201d.<\/p>\n<p><strong>Instituto Fecom\u00e9rcio PE<\/strong><br \/>\nO Instituto Empres\u00e1rio Oscar Amorim de Desenvolvimento Econ\u00f4mico e Social, designado Instituto Fecom\u00e9rcio PE, tem o objetivo de promover, coordenar e realizar programas, projetos e a\u00e7\u00f5es que contribuam para o desenvolvimento economicamente competitivo, socialmente justo e ambientalmente respons\u00e1vel. Completando 18 anos, oferece, junto aos parceiros, palestras, consultorias, estudos, forma\u00e7\u00e3o empreendedora, f\u00f3rum de debates, pesquisas e webs\u00e9ries.<\/p>\n","protected":false},"excerpt":{"rendered":"<p>Participaram 60 pessoas representantes de institui\u00e7\u00f5es parceiras, na Casa do Com\u00e9rcio O Instituto Fecom\u00e9rcio promoveu, na quinta-feira (30), um encontro com as entidades parceiras dos projetos e a\u00e7\u00f5es para apresentar os resultados de 2024 e as metas para 2025. A reuni\u00e3o, que aconteceu na Casa do Com\u00e9rcio, contou com a presen\u00e7a de representantes do Tacaruna<br \/><a href=\"https:\/\/fecomercio-pe.com.br\/site\/instituto-fecomercio-realiza-encontro-com-parceiros-para-apresentar-resultados-e-tracar-metas-para-2025\/\" class=\"more\">Read more<\/a><\/p>\n","protected":false},"author":12,"featured_media":10953,"comment_status":"closed","ping_status":"open","sticky":false,"template":"","format":"standard","meta":{"footnotes":""},"categories":[3,4],"tags":[],"_links":{"self":[{"href":"https:\/\/fecomercio-pe.com.br\/site\/wp-json\/wp\/v2\/posts\/10952"}],"collection":[{"href":"https:\/\/fecomercio-pe.com.br\/site\/wp-json\/wp\/v2\/posts"}],"about":[{"href":"https:\/\/fecomercio-pe.com.br\/site\/wp-json\/wp\/v2\/types\/post"}],"author":[{"embeddable":true,"href":"https:\/\/fecomercio-pe.com.br\/site\/wp-json\/wp\/v2\/users\/12"}],"replies":[{"embeddable":true,"href":"https:\/\/fecomercio-pe.com.br\/site\/wp-json\/wp\/v2\/comments?post=10952"}],"version-history":[{"count":1,"href":"https:\/\/fecomercio-pe.com.br\/site\/wp-json\/wp\/v2\/posts\/10952\/revisions"}],"predecessor-version":[{"id":10954,"href":"https:\/\/fecomercio-pe.com.br\/site\/wp-json\/wp\/v2\/posts\/10952\/revisions\/10954"}],"wp:featuredmedia":[{"embeddable":true,"href":"https:\/\/fecomercio-pe.com.br\/site\/wp-json\/wp\/v2\/media\/10953"}],"wp:attachment":[{"href":"https:\/\/fecomercio-pe.com.br\/site\/wp-json\/wp\/v2\/media?parent=10952"}],"wp:term":[{"taxonomy":"category","embeddable":true,"href":"https:\/\/fecomercio-pe.com.br\/site\/wp-json\/wp\/v2\/categories?post=10952"},{"taxonomy":"post_tag","embeddable":true,"href":"https:\/\/fecomercio-pe.com.br\/site\/wp-json\/wp\/v2\/tags?post=10952"}],"curies":[{"name":"wp","href":"https:\/\/api.w.org\/{rel}","templated":true}]}}