{"id":10948,"date":"2025-01-31T15:44:25","date_gmt":"2025-01-31T18:44:25","guid":{"rendered":"https:\/\/fecomercio-pe.com.br\/site\/?p=10948"},"modified":"2025-02-03T16:13:24","modified_gmt":"2025-02-03T19:13:24","slug":"instituto-fecomercio-anuncia-primeiro-cafe-empresarial-de-2025","status":"publish","type":"post","link":"https:\/\/fecomercio-pe.com.br\/site\/instituto-fecomercio-anuncia-primeiro-cafe-empresarial-de-2025\/","title":{"rendered":"Instituto Fecom\u00e9rcio anuncia primeiro Caf\u00e9 Empresarial de 2025"},"content":{"rendered":"<p><em>A primeira edi\u00e7\u00e3o do ano abordar\u00e1 Gest\u00e3o com Lideran\u00e7a Eficaz: Fidelize Clientes e Colaboradores<\/em><\/p>\n<p>No dia 19 de mar\u00e7o, a Fecom\u00e9rcio Pernambuco, atrav\u00e9s do Instituto Fecom\u00e9rcio-PE, realiza a primeira edi\u00e7\u00e3o do Caf\u00e9 Empresarial de 2025, evento que visa promover o desenvolvimento e a capacita\u00e7\u00e3o dos empres\u00e1rios pernambucanos. A edi\u00e7\u00e3o abordar\u00e1 o tema Gest\u00e3o com Lideran\u00e7a Eficaz: Fidelize Clientes e Colaboradores. O especialista em vendas, consultor, escritor e palestrante, Ant\u00f4nio Braga, ser\u00e1 o facilitador do evento. O Caf\u00e9 ocorre, presencialmente, no Caf\u00e9 Capibaribe, na cobertura da Casa do Com\u00e9rcio, das 8h30 \u00e0s 12h.<\/p>\n<p>\u201cGaranto que o desempenho e resultados de muitos gestores ser\u00e3o totalmente diferentes se colocarem em pr\u00e1tica as estrat\u00e9gias e dicas que ser\u00e3o apresentadas nesse Caf\u00e9 Empresarial\u201d, alertou Ant\u00f4nio Braga.<\/p>\n<p>O ingresso para o evento custa R$ 59,90 e os clientes do Cart\u00e3o do Empres\u00e1rio t\u00eam direito a um desconto especial de 20%. As inscri\u00e7\u00f5es podem ser realizadas atrav\u00e9s do Sympla, no endere\u00e7o: <a href=\"https:\/\/www.sympla.com.br\/evento\/gestao-com-lideranca-eficaz-fideliza-clientes-e-colaboradores\/2807128\">https:\/\/www.sympla.com.br\/evento\/gestao-com-lideranca-eficaz-fideliza-clientes-e-colaboradores\/2807128<\/a>.<\/p>\n<p>O Caf\u00e9 Empresarial conta com apoio do Cart\u00e3o do Empres\u00e1rio, programa de benef\u00edcios que oferece descontos exclusivos aos empres\u00e1rios filiados.<\/p>\n<p>\u201cO Instituto Fecom\u00e9rcio PE inicia 2025 com o primeiro Caf\u00e9 Empresarial do ano, trazendo o tema Gest\u00e3o com Lideran\u00e7a Eficaz: Fidelize Clientes e Colaboradores. Em um cen\u00e1rio de constantes mudan\u00e7as e da crescente ado\u00e7\u00e3o de tecnologias como Intelig\u00eancia Artificial e atendimento automatizado, muitas empresas perdem de vista um ponto fundamental: o atendimento humanizado. Este workshop refor\u00e7a que, mesmo com a automa\u00e7\u00e3o, o atendimento continua sendo um pilar estrat\u00e9gico para a fideliza\u00e7\u00e3o de clientes e o aumento do engajamento\u201d, afirmou Ricardo Santos, Superintende do Instituto Fecom\u00e9rcio.<\/p>\n<p>Al\u00e9m disso, o gestor destaca que o encontro tamb\u00e9m ser\u00e1 uma oportunidade valiosa para networking com empres\u00e1rios e profissionais de diversos segmentos.<\/p>\n<p>Conhe\u00e7a o palestrante<br \/>\nAnt\u00f4nio Braga \u00e9 engenheiro agr\u00f4nomo, especializado em vendas, consultor, escritor, palestrante e instrutor de vendas, atendimento e rela\u00e7\u00f5es com clientes. Com mais de 35 anos de experi\u00eancia em vendas, tendo sempre atuado na \u00e1rea comercial como executivo de empresa multinacional e por conta pr\u00f3pria.<\/p>\n<p>Braga \u00e9 articulista em v\u00e1rios sites, revistas, jornais, autor do livro \u201cQuer Vender Bem? Deixe De Ser Vendedor!\u201d e coautor do livro Gigantes das Vendas \u2013 Editora Landscape\/Vendamais.<\/p>\n<p>Al\u00e9m disso, \u00e9 fundador e consultor da Sagra Consultoria em Vendas, realizando trabalhos de palestras, cursos, workshops e consultoria para empresas diversas.<\/p>\n<p>SERVI\u00c7O:<br \/>\nEvento: Caf\u00e9 Empresarial \u2013 Gest\u00e3o com Lideran\u00e7a Eficaz: Fidelize Clientes e Colaboradores<br \/>\nData: 19 de mar\u00e7o de 2025<br \/>\nHor\u00e1rio: 8h30 \u00e0s 12h<br \/>\nLocal: Caf\u00e9 Capibaribe- Cobertura da Casa do Com\u00e9rcio- Av. Visc. de Suassuna, 265 &#8211; Santo Amaro, Recife &#8211; PE, 50050-540<br \/>\nIngresso: R$ 59,90 (Cart\u00e3o do Empres\u00e1rio tem desconto de 20%)<\/p>\n","protected":false},"excerpt":{"rendered":"<p>A primeira edi\u00e7\u00e3o do ano abordar\u00e1 Gest\u00e3o com Lideran\u00e7a Eficaz: Fidelize Clientes e Colaboradores No dia 19 de mar\u00e7o, a Fecom\u00e9rcio Pernambuco, atrav\u00e9s do Instituto Fecom\u00e9rcio-PE, realiza a primeira edi\u00e7\u00e3o do Caf\u00e9 Empresarial de 2025, evento que visa promover o desenvolvimento e a capacita\u00e7\u00e3o dos empres\u00e1rios pernambucanos. A edi\u00e7\u00e3o abordar\u00e1 o tema Gest\u00e3o com Lideran\u00e7a<br \/><a href=\"https:\/\/fecomercio-pe.com.br\/site\/instituto-fecomercio-anuncia-primeiro-cafe-empresarial-de-2025\/\" class=\"more\">Read more<\/a><\/p>\n","protected":false},"author":12,"featured_media":10950,"comment_status":"closed","ping_status":"open","sticky":false,"template":"","format":"standard","meta":{"footnotes":""},"categories":[3,1],"tags":[],"_links":{"self":[{"href":"https:\/\/fecomercio-pe.com.br\/site\/wp-json\/wp\/v2\/posts\/10948"}],"collection":[{"href":"https:\/\/fecomercio-pe.com.br\/site\/wp-json\/wp\/v2\/posts"}],"about":[{"href":"https:\/\/fecomercio-pe.com.br\/site\/wp-json\/wp\/v2\/types\/post"}],"author":[{"embeddable":true,"href":"https:\/\/fecomercio-pe.com.br\/site\/wp-json\/wp\/v2\/users\/12"}],"replies":[{"embeddable":true,"href":"https:\/\/fecomercio-pe.com.br\/site\/wp-json\/wp\/v2\/comments?post=10948"}],"version-history":[{"count":1,"href":"https:\/\/fecomercio-pe.com.br\/site\/wp-json\/wp\/v2\/posts\/10948\/revisions"}],"predecessor-version":[{"id":10949,"href":"https:\/\/fecomercio-pe.com.br\/site\/wp-json\/wp\/v2\/posts\/10948\/revisions\/10949"}],"wp:featuredmedia":[{"embeddable":true,"href":"https:\/\/fecomercio-pe.com.br\/site\/wp-json\/wp\/v2\/media\/10950"}],"wp:attachment":[{"href":"https:\/\/fecomercio-pe.com.br\/site\/wp-json\/wp\/v2\/media?parent=10948"}],"wp:term":[{"taxonomy":"category","embeddable":true,"href":"https:\/\/fecomercio-pe.com.br\/site\/wp-json\/wp\/v2\/categories?post=10948"},{"taxonomy":"post_tag","embeddable":true,"href":"https:\/\/fecomercio-pe.com.br\/site\/wp-json\/wp\/v2\/tags?post=10948"}],"curies":[{"name":"wp","href":"https:\/\/api.w.org\/{rel}","templated":true}]}}