{"id":9976,"date":"2024-01-30T09:54:04","date_gmt":"2024-01-30T12:54:04","guid":{"rendered":"http:\/\/fecomercio-pe.com.br\/site\/?p=9976"},"modified":"2024-01-30T09:54:04","modified_gmt":"2024-01-30T12:54:04","slug":"fernando-de-noronha-recebe-evento-de-sensibilizacao-sobre-o-programa-del-turismo","status":"publish","type":"post","link":"http:\/\/fecomercio-pe.com.br\/site\/fernando-de-noronha-recebe-evento-de-sensibilizacao-sobre-o-programa-del-turismo\/","title":{"rendered":"Fernando de Noronha recebe evento de sensibiliza\u00e7\u00e3o sobre o Programa DEL Turismo"},"content":{"rendered":"<p style=\"text-align: center;\"><em>A\u00e7\u00e3o ser\u00e1 realizada nesta ter\u00e7a-feira (30), a partir das 10h, no audit\u00f3rio do Forte dos Rem\u00e9dios<\/em><\/p>\n<p>&nbsp;<\/p>\n<p>Ap\u00f3s o sucesso das a\u00e7\u00f5es de sensibiliza\u00e7\u00e3o em Tamandar\u00e9 e Sirinha\u00e9m, no Litoral Sul de Pernambuco, o Sistema Fecom\u00e9rcio\/Sesc\/Senac-PE continua sua iniciativa de desenvolvimento local com o Programa DEL Turismo. Na manh\u00e3 desta ter\u00e7a-feira (30), \u00e9 a vez de Fernando de Noronha receber o evento. A atividade ser\u00e1 realizada a partir das 10h no audit\u00f3rio do Forte dos Rem\u00e9dios.<\/p>\n<p>&nbsp;<\/p>\n<p>Durante o encontro, ser\u00e3o apresentados detalhes do programa \u00e0 comunidade, aos representantes do trade tur\u00edstico local e \u00e0s autoridades p\u00fablicas. O objetivo principal \u00e9 sensibilizar esses grupos para a import\u00e2ncia do envolvimento no programa, construindo coletivamente estrat\u00e9gias e a\u00e7\u00f5es que impulsionem o desenvolvimento do arquip\u00e9lago.<\/p>\n<p>&nbsp;<\/p>\n<p>O Programa DEL Turismo, lan\u00e7ado em novembro do ano passado, inicialmente beneficia tr\u00eas territ\u00f3rios. Al\u00e9m de Noronha, tamb\u00e9m est\u00e3o inclusos Tamandar\u00e9 e Sirinha\u00e9m, que receberam a\u00e7\u00f5es de sensibiliza\u00e7\u00e3o nos dias 16 e 17 de janeiro, respectivamente. Pernambuco \u00e9 o segundo Estado do Nordeste a implementar essa metodologia inovadora em prol do desenvolvimento tur\u00edstico local.<\/p>\n<p>&nbsp;<\/p>\n<p>Por meio de um modelo de gest\u00e3o participativa, o programa pretende implementar uma pol\u00edtica de turismo capaz de contribuir para o desenvolvimento sustent\u00e1vel e garantir a continuidade dos projetos de interesse da comunidade. A constru\u00e7\u00e3o desse modelo de gest\u00e3o estimula o di\u00e1logo aberto entre prefeitura, empres\u00e1rios, trade tur\u00edstico e a sociedade civil para promover a coopera\u00e7\u00e3o de cada localidade.<\/p>\n<p>&nbsp;<\/p>\n<p><strong>SERVI\u00c7O<\/strong><br \/>\nEvento de sensibiliza\u00e7\u00e3o sobre o Programa DEL Turismo<br \/>\nLocal: Fernando de Noronha<br \/>\nQuando: dia 30 de janeiro<br \/>\nLocal\/hor\u00e1rio: audit\u00f3rio do Forte dos Rem\u00e9dios, \u00e0s 10h<\/p>\n","protected":false},"excerpt":{"rendered":"<p>A\u00e7\u00e3o ser\u00e1 realizada nesta ter\u00e7a-feira (30), a partir das 10h, no audit\u00f3rio do Forte dos Rem\u00e9dios &nbsp; Ap\u00f3s o sucesso das a\u00e7\u00f5es de sensibiliza\u00e7\u00e3o em Tamandar\u00e9 e Sirinha\u00e9m, no Litoral Sul de Pernambuco, o Sistema Fecom\u00e9rcio\/Sesc\/Senac-PE continua sua iniciativa de desenvolvimento local com o Programa DEL Turismo. Na manh\u00e3 desta ter\u00e7a-feira (30), \u00e9 a vez<br \/><a href=\"http:\/\/fecomercio-pe.com.br\/site\/fernando-de-noronha-recebe-evento-de-sensibilizacao-sobre-o-programa-del-turismo\/\" class=\"more\">Read more<\/a><\/p>\n","protected":false},"author":4,"featured_media":9977,"comment_status":"open","ping_status":"open","sticky":false,"template":"","format":"standard","meta":{"footnotes":""},"categories":[3],"tags":[],"_links":{"self":[{"href":"http:\/\/fecomercio-pe.com.br\/site\/wp-json\/wp\/v2\/posts\/9976"}],"collection":[{"href":"http:\/\/fecomercio-pe.com.br\/site\/wp-json\/wp\/v2\/posts"}],"about":[{"href":"http:\/\/fecomercio-pe.com.br\/site\/wp-json\/wp\/v2\/types\/post"}],"author":[{"embeddable":true,"href":"http:\/\/fecomercio-pe.com.br\/site\/wp-json\/wp\/v2\/users\/4"}],"replies":[{"embeddable":true,"href":"http:\/\/fecomercio-pe.com.br\/site\/wp-json\/wp\/v2\/comments?post=9976"}],"version-history":[{"count":1,"href":"http:\/\/fecomercio-pe.com.br\/site\/wp-json\/wp\/v2\/posts\/9976\/revisions"}],"predecessor-version":[{"id":9978,"href":"http:\/\/fecomercio-pe.com.br\/site\/wp-json\/wp\/v2\/posts\/9976\/revisions\/9978"}],"wp:featuredmedia":[{"embeddable":true,"href":"http:\/\/fecomercio-pe.com.br\/site\/wp-json\/wp\/v2\/media\/9977"}],"wp:attachment":[{"href":"http:\/\/fecomercio-pe.com.br\/site\/wp-json\/wp\/v2\/media?parent=9976"}],"wp:term":[{"taxonomy":"category","embeddable":true,"href":"http:\/\/fecomercio-pe.com.br\/site\/wp-json\/wp\/v2\/categories?post=9976"},{"taxonomy":"post_tag","embeddable":true,"href":"http:\/\/fecomercio-pe.com.br\/site\/wp-json\/wp\/v2\/tags?post=9976"}],"curies":[{"name":"wp","href":"https:\/\/api.w.org\/{rel}","templated":true}]}}