{"id":9167,"date":"2022-12-14T08:51:30","date_gmt":"2022-12-14T11:51:30","guid":{"rendered":"http:\/\/fecomercio-pe.com.br\/site\/?p=9167"},"modified":"2022-12-14T08:51:30","modified_gmt":"2022-12-14T11:51:30","slug":"natto-sistema-fecomercio-sesc-senac-pe-e-instituto-cesar-santos-com-apoio-do-grupo-raimundo-da-fonte-promovem-ceia-natalina-para-400-pessoas","status":"publish","type":"post","link":"http:\/\/fecomercio-pe.com.br\/site\/natto-sistema-fecomercio-sesc-senac-pe-e-instituto-cesar-santos-com-apoio-do-grupo-raimundo-da-fonte-promovem-ceia-natalina-para-400-pessoas\/","title":{"rendered":"Natto, Sistema Fecom\u00e9rcio\/Sesc\/Senac-PE e Instituto C\u00e9sar Santos, com apoio do Grupo Raimundo da Fonte, promovem ceia natalina para 400 pessoas"},"content":{"rendered":"<p><em>Terceira edi\u00e7\u00e3o do evento, voltado \u00e0 popula\u00e7\u00e3o em vulnerabilidade social, ser\u00e1 no Recife e em Belo Jardim, nos dias 14 e 16<\/em><\/p>\n<p>Fortalecer la\u00e7os tem sido um dos grandes anseios nos tempos atuais. Quando esse desejo est\u00e1 associado a a\u00e7\u00f5es focadas na ajuda ao pr\u00f3ximo, sua import\u00e2ncia se torna inquestion\u00e1vel, principalmente em um momento de pandemia e com a proximidade do Natal, onde a esperan\u00e7a tempera nossos cora\u00e7\u00f5es. Para celebrar este per\u00edodo, a Natto e o Sistema Fecom\u00e9rcio\/Sesc\/Senac-PE, em parceria com o Instituto C\u00e9sar Santos, promover\u00e3o a terceira edi\u00e7\u00e3o do projeto \u201cNatal que d\u00e1 Gosto\u201d, com a oferta de ceia natalina para 400 pessoas em situa\u00e7\u00e3o de vulnerabilidade social, al\u00e9m de doa\u00e7\u00e3o de kits de higiene pessoal, com apoio do Grupo Raimundo da Fonte.<\/p>\n<p>As ceias ser\u00e3o servidas nesta quarta-feira (14), no Restaurante-Escola do Senac, no Recife, em dois momentos (das 18h \u00e0s 20h e das 20h \u00e0s 22h). Outras duas est\u00e3o agendadas para 16 de dezembro, tamb\u00e9m em dois turnos (das 18h \u00e0s 20h e das 20h \u00e0s 22h), no Sesc Ler de Belo Jardim.<\/p>\n<p>As ceias natalinas ter\u00e3o as assinaturas dos prestigiados chefes C\u00e9sar Santos e Rapha Vasconcelos. No dia 14, a a\u00e7\u00e3o contar\u00e1 com o apoio da equipe do Centro de Educa\u00e7\u00e3o Profissional Gastronomia e Turismo do Senac no preparo das receitas e os produtos doados pela Natto dar\u00e3o o tom dos pratos. Participar\u00e3o da a\u00e7\u00e3o os chefs e alunos do Curso de Cozinheiro, respons\u00e1veis pelo preparo dos pratos, e os instrutores e alunos do Curso de Gar\u00e7om, que far\u00e3o o servi\u00e7o.<\/p>\n<p>No dia 16, o Natal que D\u00e1 Gosto aporta no Sesc Ler de Belo Jardim, que al\u00e9m de contar com a equipe de cozinha liderada pela gerente da unidade e pelo profissional de Nutri\u00e7\u00e3o, contar\u00e1 com a presen\u00e7a dos dois chefes.<\/p>\n<p>No Recife, os comensais foram prospectados atrav\u00e9s da parceria entre o Instituto C\u00e9sar Santos e a entidade Anjos da Noite que atende pessoas em situa\u00e7\u00e3o de rua. Em Belo Jardim, o Instituto Cesar Santos se uniu as a\u00e7\u00f5es sociais desenvolvidas pelo Sesc Ler Belo Jardim nas comunidades do entorno da institui\u00e7\u00e3o para a prospec\u00e7\u00e3o dos convidados.<\/p>\n<p>Empenhada em salvaguardar a sa\u00fade do p\u00fablico para quem ser\u00e1 servido o jantar, e dos colabores envolvidos no preparo e no atendimento, a organiza\u00e7\u00e3o adotar\u00e1 todas as orienta\u00e7\u00f5es e protocolos estabelecidos pelas autoridades sanit\u00e1rias. Por essa raz\u00e3o, as ceias do Recife e Belo Jardim, que contemplar\u00e3o um total de 400 pessoas, ser\u00e3o servidas em dois turnos de 100 pessoas cada uma, permitindo o distanciamento social adequado.<\/p>\n<p>&nbsp;<\/p>\n","protected":false},"excerpt":{"rendered":"<p>Terceira edi\u00e7\u00e3o do evento, voltado \u00e0 popula\u00e7\u00e3o em vulnerabilidade social, ser\u00e1 no Recife e em Belo Jardim, nos dias 14 e 16 Fortalecer la\u00e7os tem sido um dos grandes anseios nos tempos atuais. Quando esse desejo est\u00e1 associado a a\u00e7\u00f5es focadas na ajuda ao pr\u00f3ximo, sua import\u00e2ncia se torna inquestion\u00e1vel, principalmente em um momento de<br \/><a href=\"http:\/\/fecomercio-pe.com.br\/site\/natto-sistema-fecomercio-sesc-senac-pe-e-instituto-cesar-santos-com-apoio-do-grupo-raimundo-da-fonte-promovem-ceia-natalina-para-400-pessoas\/\" class=\"more\">Read more<\/a><\/p>\n","protected":false},"author":4,"featured_media":9168,"comment_status":"open","ping_status":"open","sticky":false,"template":"","format":"standard","meta":{"footnotes":""},"categories":[3],"tags":[],"_links":{"self":[{"href":"http:\/\/fecomercio-pe.com.br\/site\/wp-json\/wp\/v2\/posts\/9167"}],"collection":[{"href":"http:\/\/fecomercio-pe.com.br\/site\/wp-json\/wp\/v2\/posts"}],"about":[{"href":"http:\/\/fecomercio-pe.com.br\/site\/wp-json\/wp\/v2\/types\/post"}],"author":[{"embeddable":true,"href":"http:\/\/fecomercio-pe.com.br\/site\/wp-json\/wp\/v2\/users\/4"}],"replies":[{"embeddable":true,"href":"http:\/\/fecomercio-pe.com.br\/site\/wp-json\/wp\/v2\/comments?post=9167"}],"version-history":[{"count":1,"href":"http:\/\/fecomercio-pe.com.br\/site\/wp-json\/wp\/v2\/posts\/9167\/revisions"}],"predecessor-version":[{"id":9169,"href":"http:\/\/fecomercio-pe.com.br\/site\/wp-json\/wp\/v2\/posts\/9167\/revisions\/9169"}],"wp:featuredmedia":[{"embeddable":true,"href":"http:\/\/fecomercio-pe.com.br\/site\/wp-json\/wp\/v2\/media\/9168"}],"wp:attachment":[{"href":"http:\/\/fecomercio-pe.com.br\/site\/wp-json\/wp\/v2\/media?parent=9167"}],"wp:term":[{"taxonomy":"category","embeddable":true,"href":"http:\/\/fecomercio-pe.com.br\/site\/wp-json\/wp\/v2\/categories?post=9167"},{"taxonomy":"post_tag","embeddable":true,"href":"http:\/\/fecomercio-pe.com.br\/site\/wp-json\/wp\/v2\/tags?post=9167"}],"curies":[{"name":"wp","href":"https:\/\/api.w.org\/{rel}","templated":true}]}}