{"id":6548,"date":"2019-08-28T09:52:10","date_gmt":"2019-08-28T12:52:10","guid":{"rendered":"http:\/\/fecomercio-pe.com.br\/site\/?p=6548"},"modified":"2019-08-28T09:52:10","modified_gmt":"2019-08-28T12:52:10","slug":"instituto-para-desenvolvimento-do-varejo-coordena-semana-do-brasil","status":"publish","type":"post","link":"http:\/\/fecomercio-pe.com.br\/site\/instituto-para-desenvolvimento-do-varejo-coordena-semana-do-brasil\/","title":{"rendered":"Instituto para desenvolvimento do varejo coordena &#8220;Semana do Brasil\u201d"},"content":{"rendered":"<p>A\u00e7\u00e3o do Governo Federal, que prev\u00ea promo\u00e7\u00f5es, ser\u00e1 realizada pela primeira vez no\u00a0Brasil em setembro<\/p>\n<p>Para aquecer a economia, movimentar o com\u00e9rcio e estimular o turismo interno, o\u00a0Governo Federal anuncia a Semana do Brasil, que acontecer\u00e1 na semana de 7 de\u00a0setembro. A campanha de comunica\u00e7\u00e3o, que ser\u00e1 executada pela ag\u00eancia NBS, foi\u00a0apresentada em S\u00e3o Paulo para empres\u00e1rios dos\u00a0setores de com\u00e9rcio e servi\u00e7os do Pa\u00eds. O secret\u00e1rio especial de Comunica\u00e7\u00e3o Social da\u00a0Presid\u00eancia da Rep\u00fablica, F\u00e1bio Wajngarten, divulgou os detalhes da a\u00e7\u00e3o aos\u00a0executivos.<\/p>\n<p>Reunidos no Instituto para Desenvolvimento do Varejo (IDV), presidido por Marcelo\u00a0Silva, participaram do encontro os conselheiros do IDV Fl\u00e1vio Rocha (Riachuelo),\u00a0Marcos Gouv\u00eaa (GS&amp;MD), Fernando de Castro e os empres\u00e1rios Roberto\u00a0Fulcherberger e Abel Ornelas (Via Varejo). O evento tamb\u00e9m contou com a\u00a0participa\u00e7\u00e3o de representantes de empresas de comunica\u00e7\u00e3o: Eduardo Scheffer (Rede\u00a0Globo), Jos\u00e9 Roberto Maciel (SBT), Luiz Cl\u00e1udio Costa (Record), F\u00e1bio Carvalho (Editora\u00a0Abril), M\u00e1rio Dandrea (Associa\u00e7\u00e3o Brasileira de Ag\u00eancias de Publicidade &#8211; Abap),<br \/>\nMaur\u00edcio Eug\u00eanio (representando ag\u00eancias do setor imobili\u00e1rio) e Meyer Nigri\u00a0(Tecnisa) \u2014 este representando o Sindicato da Habita\u00e7\u00e3o do Distrito Federal (Secovi).<\/p>\n<p>\u201cSetembro \u00e9 um m\u00eas de baixo apelo promocional, mas importante por ser um\u00a0term\u00f4metro de confian\u00e7a que antecede o \u00faltimo trimestre de cada ano. Queremos\u00a0criar um evento para aquecer a economia, juntamente com o resgate do patriotismo,\u00a0como acontece em outros pa\u00edses\u201d, afirmou Marcelo Silva, presidente do IDV. O\u00a0instituto dever\u00e1 buscar outras entidades representativas de diversos setores em\u00a0reuni\u00e3o a ser realizada na pr\u00f3xima semana para avan\u00e7ar o projeto. Os ve\u00edculos de\u00a0comunica\u00e7\u00e3o, por sua vez, far\u00e3o parte da iniciativa com condi\u00e7\u00f5es diferenciadas para\u00a0os anunciantes.<\/p>\n<p>No encontro, os participantes discutiram, ainda, estrat\u00e9gias de engajamento e\u00a0fortalecimento da campanha promocional, com o objetivo de criar uma nova data\u00a0significativa para o varejo.<br \/>\nTamb\u00e9m dever\u00e1 aderir \u00e0 campanha o setor hoteleiro, com promo\u00e7\u00f5es que v\u00e3o\u00a0estimular o turismo interno. Nessa \u00e1rea, o governo planeja usar a isen\u00e7\u00e3o de visto\u00a0concedida recentemente a quatro pa\u00edses \u2014 Austr\u00e1lia, Canad\u00e1, Estados Unidos e Jap\u00e3o\u00a0\u2013 para promover os destinos brasileiros. A Embratur e o Minist\u00e9rio do Turismo\u00a0preparam uma campanha de promo\u00e7\u00e3o nestes pa\u00edses.<\/p>\n<p>SEMANA DO BRASIL &#8211; A a\u00e7\u00e3o da Secretaria Especial de Comunica\u00e7\u00e3o Social da\u00a0Presid\u00eancia da Rep\u00fablica (Secom) tem como inspira\u00e7\u00e3o o que ocorre no varejo norte americano, que costuma realizar promo\u00e7\u00f5es em feriados nacionais hist\u00f3ricos. As\u00a0comemora\u00e7\u00f5es estendidas da semana de 7 de setembro, al\u00e9m de promover o patriotismo e melhorar a imagem do Pa\u00eds no exterior, pela primeira vez, contar\u00e3o com\u00a0a\u00e7\u00f5es visando estimular a economia brasileira.\u00a0A ideia da campanha surgiu ap\u00f3s o Governo Federal identificar um vazio de a\u00e7\u00f5es\u00a0promocionais no m\u00eas de setembro. A partir da\u00ed, a Secom sugeriu aos varejistas a\u00e7\u00f5es\u00a0promocionais na Semana do Brasil. A iniciativa foi bem aceita e as a\u00e7\u00f5es come\u00e7aram a\u00a0ser desenhadas nas \u00faltimas semanas.<\/p>\n<p><em><strong>Secretaria Especial de Comunica\u00e7\u00e3o Social da Presid\u00eancia da Rep\u00fablica.<\/strong><\/em><\/p>\n","protected":false},"excerpt":{"rendered":"<p>A\u00e7\u00e3o do Governo Federal, que prev\u00ea promo\u00e7\u00f5es, ser\u00e1 realizada pela primeira vez no\u00a0Brasil em setembro Para aquecer a economia, movimentar o com\u00e9rcio e estimular o turismo interno, o\u00a0Governo Federal anuncia a Semana do Brasil, que acontecer\u00e1 na semana de 7 de\u00a0setembro. A campanha de comunica\u00e7\u00e3o, que ser\u00e1 executada pela ag\u00eancia NBS, foi\u00a0apresentada em S\u00e3o Paulo<br \/><a href=\"http:\/\/fecomercio-pe.com.br\/site\/instituto-para-desenvolvimento-do-varejo-coordena-semana-do-brasil\/\" class=\"more\">Read more<\/a><\/p>\n","protected":false},"author":4,"featured_media":6549,"comment_status":"open","ping_status":"open","sticky":false,"template":"","format":"standard","meta":{"footnotes":""},"categories":[3],"tags":[],"_links":{"self":[{"href":"http:\/\/fecomercio-pe.com.br\/site\/wp-json\/wp\/v2\/posts\/6548"}],"collection":[{"href":"http:\/\/fecomercio-pe.com.br\/site\/wp-json\/wp\/v2\/posts"}],"about":[{"href":"http:\/\/fecomercio-pe.com.br\/site\/wp-json\/wp\/v2\/types\/post"}],"author":[{"embeddable":true,"href":"http:\/\/fecomercio-pe.com.br\/site\/wp-json\/wp\/v2\/users\/4"}],"replies":[{"embeddable":true,"href":"http:\/\/fecomercio-pe.com.br\/site\/wp-json\/wp\/v2\/comments?post=6548"}],"version-history":[{"count":1,"href":"http:\/\/fecomercio-pe.com.br\/site\/wp-json\/wp\/v2\/posts\/6548\/revisions"}],"predecessor-version":[{"id":6550,"href":"http:\/\/fecomercio-pe.com.br\/site\/wp-json\/wp\/v2\/posts\/6548\/revisions\/6550"}],"wp:featuredmedia":[{"embeddable":true,"href":"http:\/\/fecomercio-pe.com.br\/site\/wp-json\/wp\/v2\/media\/6549"}],"wp:attachment":[{"href":"http:\/\/fecomercio-pe.com.br\/site\/wp-json\/wp\/v2\/media?parent=6548"}],"wp:term":[{"taxonomy":"category","embeddable":true,"href":"http:\/\/fecomercio-pe.com.br\/site\/wp-json\/wp\/v2\/categories?post=6548"},{"taxonomy":"post_tag","embeddable":true,"href":"http:\/\/fecomercio-pe.com.br\/site\/wp-json\/wp\/v2\/tags?post=6548"}],"curies":[{"name":"wp","href":"https:\/\/api.w.org\/{rel}","templated":true}]}}