{"id":6545,"date":"2019-08-27T12:01:38","date_gmt":"2019-08-27T15:01:38","guid":{"rendered":"http:\/\/fecomercio-pe.com.br\/site\/?p=6545"},"modified":"2019-08-27T12:01:38","modified_gmt":"2019-08-27T15:01:38","slug":"cnc-intencao-de-consumo-volta-a-crescer","status":"publish","type":"post","link":"http:\/\/fecomercio-pe.com.br\/site\/cnc-intencao-de-consumo-volta-a-crescer\/","title":{"rendered":"CNC: inten\u00e7\u00e3o de consumo volta a crescer"},"content":{"rendered":"<p><i>Depois de cinco quedas sucessivas, o ICF subiu 1,8% em agosto, na compara\u00e7\u00e3o com julho, indicando alguma recupera\u00e7\u00e3o nos gastos das fam\u00edlias, em 2019\u00a0<\/i><\/p>\n<p>A Inten\u00e7\u00e3o do Consumo das Fam\u00edlias (ICF), apurada pela Confedera\u00e7\u00e3o Nacional do Com\u00e9rcio de Bens, Servi\u00e7os e Turismo (CNC), se recuperou em agosto ao subir 1,8% diante de julho. Com a alta, a inten\u00e7\u00e3o de compras atingiu 91,4 pontos, revertendo tend\u00eancia de queda iniciada em mar\u00e7o deste ano. A propens\u00e3o de gastos das fam\u00edlias praticamente se estabilizou em compara\u00e7\u00e3o com o patamar de dezembro do ano passado (91,2 pontos) e subiu 6,8% na compara\u00e7\u00e3o com o mesmo per\u00edodo de 2018 (85,6 pontos). A alta de agosto se relacionou principalmente com as varia\u00e7\u00f5es positivas nos sub\u00edndices Perspectiva de Consumo (4,0%) e Momento para Aquisi\u00e7\u00e3o de Bens Dur\u00e1veis (2,4%), bem como com o subindicador Renda Atual (1,9%).<br \/>\n\u201cO maior otimismo das fam\u00edlias na programa\u00e7\u00e3o de seus gastos reflete o cen\u00e1rio de mudan\u00e7as na economia, com medidas que apontam um per\u00edodo de crescimento sustent\u00e1vel gradual do Pa\u00eds\u201d, avalia o presidente da CNC, Jos\u00e9 Roberto Tadros. \u201cUma poss\u00edvel melhora no n\u00edvel de endividamento e a possibilidade dos saques nas contas do FGTS e do PIS\/Pasep est\u00e3o estimulando decis\u00f5es de compra a prazo.\u201d<br \/>\nO ICF tem permanecido abaixo de 100 pontos, zona considerada de insatisfa\u00e7\u00e3o, desde abril de 2015, quando chegou aos 102,9 pontos. Apesar de ter melhorado, em agosto, a insatisfa\u00e7\u00e3o das fam\u00edlias manifestou-se em quatro itens do ICF, como Compra a Prazo (85,7 pontos), N\u00edvel de Consumo Atual (71,9 pontos), Perspectiva de Consumo (91,0 pontos) e Momento para Dur\u00e1veis (62,6 pontos).<br \/>\nJ\u00e1 os indicadores Renda Atual e Emprego Atual (este com varia\u00e7\u00e3o de 0,8% em rela\u00e7\u00e3o a julho) apresentaram-se como os mais altos do ICF de agosto: 108,8 e 116,1 pontos, respectivamente. O economista da CNC Antonio Everton Junior observa que o aumento do otimismo em rela\u00e7\u00e3o \u00e0 propens\u00e3o \u00e0s compras ocorreu em todas as faixas de renda e regi\u00f5es do Pa\u00eds. \u201cA estabilidade relativa dos pre\u00e7os e uma melhora gradual no mercado de trabalho s\u00e3o dois fatores de influ\u00eancia direta na percep\u00e7\u00e3o de consumo das fam\u00edlias e tamb\u00e9m ajudam a explicar a recupera\u00e7\u00e3o do ICF em agosto\u201d, afirma o economista.<\/p>\n<p><a href=\"https:\/\/cnclink.cnc.org.br\/cl\/PGMzt\/aO\/feaa\/HNryvuhF_lE\/BNbx\/KwYplj-gGg\/1\/\" target=\"_blank\" rel=\"noopener\" data-saferedirecturl=\"https:\/\/www.google.com\/url?q=https:\/\/cnclink.cnc.org.br\/cl\/PGMzt\/aO\/feaa\/HNryvuhF_lE\/BNbx\/KwYplj-gGg\/1\/&amp;source=gmail&amp;ust=1567004006527000&amp;usg=AFQjCNHl6n42mvPi5y6WnnMafQdgcbl_0w\">Acesse a \u00edntegra da an\u00e1lise da Divis\u00e3o Econ\u00f4mica da CNC.<\/a><a href=\"https:\/\/cnclink.cnc.org.br\/cl\/PGMzt\/aO\/feaa\/HNryvuhF_lE\/BNbx\/KwYplj-gGg\/2\/\" target=\"_blank\" rel=\"noopener\" data-saferedirecturl=\"https:\/\/www.google.com\/url?q=https:\/\/cnclink.cnc.org.br\/cl\/PGMzt\/aO\/feaa\/HNryvuhF_lE\/BNbx\/KwYplj-gGg\/2\/&amp;source=gmail&amp;ust=1567004006527000&amp;usg=AFQjCNEmKBIa7D9I-oHmA5sc5IbaPoLq2w\">\u00a0<\/a><\/p>\n","protected":false},"excerpt":{"rendered":"<p>Depois de cinco quedas sucessivas, o ICF subiu 1,8% em agosto, na compara\u00e7\u00e3o com julho, indicando alguma recupera\u00e7\u00e3o nos gastos das fam\u00edlias, em 2019\u00a0 A Inten\u00e7\u00e3o do Consumo das Fam\u00edlias (ICF), apurada pela Confedera\u00e7\u00e3o Nacional do Com\u00e9rcio de Bens, Servi\u00e7os e Turismo (CNC), se recuperou em agosto ao subir 1,8% diante de julho. Com a<br \/><a href=\"http:\/\/fecomercio-pe.com.br\/site\/cnc-intencao-de-consumo-volta-a-crescer\/\" class=\"more\">Read more<\/a><\/p>\n","protected":false},"author":4,"featured_media":6546,"comment_status":"open","ping_status":"open","sticky":false,"template":"","format":"standard","meta":{"footnotes":""},"categories":[3],"tags":[],"_links":{"self":[{"href":"http:\/\/fecomercio-pe.com.br\/site\/wp-json\/wp\/v2\/posts\/6545"}],"collection":[{"href":"http:\/\/fecomercio-pe.com.br\/site\/wp-json\/wp\/v2\/posts"}],"about":[{"href":"http:\/\/fecomercio-pe.com.br\/site\/wp-json\/wp\/v2\/types\/post"}],"author":[{"embeddable":true,"href":"http:\/\/fecomercio-pe.com.br\/site\/wp-json\/wp\/v2\/users\/4"}],"replies":[{"embeddable":true,"href":"http:\/\/fecomercio-pe.com.br\/site\/wp-json\/wp\/v2\/comments?post=6545"}],"version-history":[{"count":1,"href":"http:\/\/fecomercio-pe.com.br\/site\/wp-json\/wp\/v2\/posts\/6545\/revisions"}],"predecessor-version":[{"id":6547,"href":"http:\/\/fecomercio-pe.com.br\/site\/wp-json\/wp\/v2\/posts\/6545\/revisions\/6547"}],"wp:featuredmedia":[{"embeddable":true,"href":"http:\/\/fecomercio-pe.com.br\/site\/wp-json\/wp\/v2\/media\/6546"}],"wp:attachment":[{"href":"http:\/\/fecomercio-pe.com.br\/site\/wp-json\/wp\/v2\/media?parent=6545"}],"wp:term":[{"taxonomy":"category","embeddable":true,"href":"http:\/\/fecomercio-pe.com.br\/site\/wp-json\/wp\/v2\/categories?post=6545"},{"taxonomy":"post_tag","embeddable":true,"href":"http:\/\/fecomercio-pe.com.br\/site\/wp-json\/wp\/v2\/tags?post=6545"}],"curies":[{"name":"wp","href":"https:\/\/api.w.org\/{rel}","templated":true}]}}