{"id":6526,"date":"2019-08-21T16:53:51","date_gmt":"2019-08-21T19:53:51","guid":{"rendered":"http:\/\/fecomercio-pe.com.br\/site\/?p=6526"},"modified":"2019-08-21T16:53:51","modified_gmt":"2019-08-21T19:53:51","slug":"um-passo-para-regulamentacao-do-grafite-no-recife","status":"publish","type":"post","link":"http:\/\/fecomercio-pe.com.br\/site\/um-passo-para-regulamentacao-do-grafite-no-recife\/","title":{"rendered":"Um passo para regulamenta\u00e7\u00e3o do grafite no Recife"},"content":{"rendered":"<p><em>A Assessoria Legislativa da Fecom\u00e9rcio-PE atuou no projeto retirando pontos pol\u00eamicos para a com\u00e9rcio da cidade<\/em><\/p>\n<p style=\"font-weight: 400;\">A C\u00e2mara Municipal do Recife aprovou, esta semana, o Projeto de Lei Ordin\u00e1ria 222\/17, que regula a pr\u00e1tica do grafite na cidade. Quem praticar o ato, sem a devida autoriza\u00e7\u00e3o, pode pagar multa de at\u00e9 R$ 6 mil reais e deve arcar com as despesas de restaura\u00e7\u00e3o do bem. A expectativa \u00e9 de que a iniciativa iniba a danifica\u00e7\u00e3o dos patrim\u00f4nios p\u00fablicos e preserve o\u00a0conforto ambiental e est\u00e9tico no munic\u00edpio do Recife. O PLO passar\u00e1 ainda pela aprecia\u00e7\u00e3o do Poder Executivo Municipal e pode ser vetado nesta fase final.<\/p>\n<p>O projeto, contudo, tramitava com um ponto pol\u00eamico para o com\u00e9rcio, pois propunha tamb\u00e9m regras para os estabelecimentos que comercializam tintas em embalagens do tipo aerossol. \u201cEsses comerciantes deveriam manter registro de todo comprador,\u00a0controle de estoques e a manuten\u00e7\u00e3o dos registros de venda pelo prazo de tr\u00eas anos. Um controle de alto custo para o com\u00e9rcio e, consequentemente, para o consumidor\u201d, explica o Assessor Legislativo da Fecom\u00e9rcio-PE, C\u00e9sar Souza. Com atua\u00e7\u00e3o da Federa\u00e7\u00e3o, o projeto foi aprovado sem esses dispositivos que ditavam mais obriga\u00e7\u00f5es para os comerciantes da cidade.<\/p>\n<p style=\"font-weight: 400;\">O Brasil j\u00e1 possui legisla\u00e7\u00e3o espec\u00edfica sobre o ato de desenhar, riscar ou escrever sem a devida autoriza\u00e7\u00e3o. A pena para quem comete essa infra\u00e7\u00e3o \u00e9 de 3 meses a 1 ano de deten\u00e7\u00e3o e multa.\u00a0Com a aprova\u00e7\u00e3o do PLO, o Recife agora\u00a0considera que grafite \u00e9 a express\u00e3o art\u00edstica em forma de desenho e escrituras com o objetivo de valorizar o bem m\u00f3vel ou im\u00f3vel, com pr\u00e9via autoriza\u00e7\u00e3o. A infra\u00e7\u00e3o inicial \u00e9 de R$ 3 mil reais, mas se o ato for realizado em monumento, bem tombado ou unidades protegidas, a multa ser\u00e1 dobrada.<\/p>\n<p style=\"font-weight: 400;\"><strong>Regulamenta\u00e7\u00e3o do grafite<\/strong><\/p>\n<p style=\"font-weight: 400;\">Aprovado esta semana, na C\u00e2mara Municipal do Recife, o Projeto de Lei Ordin\u00e1ria 222\/17, que disp\u00f5e sobre a pr\u00e1tica do grafite na cidade. O projeto tramitava com pontos pol\u00eamicos para o com\u00e9rcio, pois propunha regras para os estabelecimentos que comercializam tintas em embalagens do tipo aerossol.\u00a0Com atua\u00e7\u00e3o da Assessoria Legislativa da Fecom\u00e9rcio-PE, o projeto foi aprovado sem esses dispositivos que ditavam mais obriga\u00e7\u00f5es para os comerciantes da cidade. O PLO ainda passar\u00e1 pela\u00a0aprecia\u00e7\u00e3o do Poder Executivo Municipal e pode ser vetado nesta fase final.<\/p>\n<p style=\"font-weight: 400;\">\n","protected":false},"excerpt":{"rendered":"<p>A Assessoria Legislativa da Fecom\u00e9rcio-PE atuou no projeto retirando pontos pol\u00eamicos para a com\u00e9rcio da cidade A C\u00e2mara Municipal do Recife aprovou, esta semana, o Projeto de Lei Ordin\u00e1ria 222\/17, que regula a pr\u00e1tica do grafite na cidade. Quem praticar o ato, sem a devida autoriza\u00e7\u00e3o, pode pagar multa de at\u00e9 R$ 6 mil reais<br \/><a href=\"http:\/\/fecomercio-pe.com.br\/site\/um-passo-para-regulamentacao-do-grafite-no-recife\/\" class=\"more\">Read more<\/a><\/p>\n","protected":false},"author":4,"featured_media":6527,"comment_status":"open","ping_status":"open","sticky":false,"template":"","format":"standard","meta":{"footnotes":""},"categories":[3],"tags":[],"_links":{"self":[{"href":"http:\/\/fecomercio-pe.com.br\/site\/wp-json\/wp\/v2\/posts\/6526"}],"collection":[{"href":"http:\/\/fecomercio-pe.com.br\/site\/wp-json\/wp\/v2\/posts"}],"about":[{"href":"http:\/\/fecomercio-pe.com.br\/site\/wp-json\/wp\/v2\/types\/post"}],"author":[{"embeddable":true,"href":"http:\/\/fecomercio-pe.com.br\/site\/wp-json\/wp\/v2\/users\/4"}],"replies":[{"embeddable":true,"href":"http:\/\/fecomercio-pe.com.br\/site\/wp-json\/wp\/v2\/comments?post=6526"}],"version-history":[{"count":1,"href":"http:\/\/fecomercio-pe.com.br\/site\/wp-json\/wp\/v2\/posts\/6526\/revisions"}],"predecessor-version":[{"id":6528,"href":"http:\/\/fecomercio-pe.com.br\/site\/wp-json\/wp\/v2\/posts\/6526\/revisions\/6528"}],"wp:featuredmedia":[{"embeddable":true,"href":"http:\/\/fecomercio-pe.com.br\/site\/wp-json\/wp\/v2\/media\/6527"}],"wp:attachment":[{"href":"http:\/\/fecomercio-pe.com.br\/site\/wp-json\/wp\/v2\/media?parent=6526"}],"wp:term":[{"taxonomy":"category","embeddable":true,"href":"http:\/\/fecomercio-pe.com.br\/site\/wp-json\/wp\/v2\/categories?post=6526"},{"taxonomy":"post_tag","embeddable":true,"href":"http:\/\/fecomercio-pe.com.br\/site\/wp-json\/wp\/v2\/tags?post=6526"}],"curies":[{"name":"wp","href":"https:\/\/api.w.org\/{rel}","templated":true}]}}