{"id":5258,"date":"2018-05-14T12:06:49","date_gmt":"2018-05-14T15:06:49","guid":{"rendered":"http:\/\/fecomercio-pe.com.br\/site\/?p=5258"},"modified":"2018-05-14T12:06:49","modified_gmt":"2018-05-14T15:06:49","slug":"cnc-eleva-de-50-para-54-projecao-de-crescimento-do-varejo-este-ano","status":"publish","type":"post","link":"http:\/\/fecomercio-pe.com.br\/site\/cnc-eleva-de-50-para-54-projecao-de-crescimento-do-varejo-este-ano\/","title":{"rendered":"CNC eleva de 5,0% para 5,4% proje\u00e7\u00e3o de crescimento do varejo este ano"},"content":{"rendered":"<p style=\"font-weight: 400;\"><em>Barateamento do cr\u00e9dito em um ambiente de infla\u00e7\u00e3o baixa, perspectiva de novos cortes nos juros e medidas para melhorar a concess\u00e3o de cr\u00e9dito basearam reajuste da entidade<\/em><\/p>\n<p style=\"font-weight: 400;\">O volume de vendas do varejo brasileiro avan\u00e7ou +1,1% em mar\u00e7o deste ano, na compara\u00e7\u00e3o com fevereiro, de acordo com a Pesquisa Mensal de Com\u00e9rcio (PMC), divulgada hoje pelo IBGE. Assim, na s\u00e9rie com ajustes sazonais, o setor apurou seu melhor desempenho nos meses de mar\u00e7o desde 2013, quando registrou +1,2%. Na compara\u00e7\u00e3o com mar\u00e7o de 2017, o volume de vendas cresceu em m\u00e9dia 7,8% nas dez atividades pesquisadas do varejo, registrando, nessa base comparativa, o melhor m\u00eas de mar\u00e7o desde 2012, quando chegou a +10,3%.<\/p>\n<p style=\"font-weight: 400;\">A acelera\u00e7\u00e3o do ritmo das vendas em rela\u00e7\u00e3o ao ano passado levou a Confedera\u00e7\u00e3o Nacional do Com\u00e9rcio de Bens, Servi\u00e7os e Turismo (CNC) a revisar de +5,0% para +5,4% sua proje\u00e7\u00e3o relativa ao aumento das vendas para o ano de 2018. Comp\u00f5e o cen\u00e1rio percebido pela entidade o barateamento do cr\u00e9dito em um ambiente de infla\u00e7\u00e3o baixa. A perspectiva de novos cortes nos juros b\u00e1sicos, al\u00e9m de medidas capazes de melhorar a qualidade de concess\u00e3o de cr\u00e9dito, tais como a aprova\u00e7\u00e3o do cadastro positivo, dever\u00e1 permitir novas quedas nos juros, acelerando o ritmo de concess\u00e3o de recursos aos consumidores at\u00e9 o fim do ano.<\/p>\n<p style=\"font-weight: 400;\"><strong>Setor automotivo se destaca na PMC<\/strong><\/p>\n<p style=\"font-weight: 400;\">O destaque de mar\u00e7o na PMC do IBGE ficou com o setor automotivo, que cresceu +2,9% na compara\u00e7\u00e3o com fevereiro e j\u00e1 acumula avan\u00e7o de 12% nos cinco \u00faltimos meses; na compara\u00e7\u00e3o com mar\u00e7o de 2017, o volume de vendas cresceu em m\u00e9dia 7,8% nas dez atividades pesquisadas do varejo, registrando o melhor m\u00eas de mar\u00e7o desde 2012 (+10,3%). O setor automotivo tamb\u00e9m se destacou, com avan\u00e7o de 16,0% na compara\u00e7\u00e3o com o mesmo m\u00eas de 2017, seguido por hiper e supermercados, cuja alta (+12,3%) foi a maior entre todos os meses desde mar\u00e7o de 2012 (+12,4%).<\/p>\n<p style=\"font-weight: 400;\">\u201cNo caso do segmento automotivo, o comportamento das vendas \u00e9 uma clara rea\u00e7\u00e3o ao aumento do cr\u00e9dito para aquisi\u00e7\u00e3o de ve\u00edculos. De acordo com dados do Banco Central, a concess\u00e3o de cr\u00e9dito \u00e0s pessoas f\u00edsicas para aquisi\u00e7\u00e3o de ve\u00edculos avan\u00e7ou 21% no primeiro trimestre de 2018 ante os tr\u00eas primeiros meses de 2017\u201d, explica Fabio Bentes, chefe da Divis\u00e3o Econ\u00f4mica da Confedera\u00e7\u00e3o.<\/p>\n<p style=\"font-weight: 400;\">\n","protected":false},"excerpt":{"rendered":"<p>Barateamento do cr\u00e9dito em um ambiente de infla\u00e7\u00e3o baixa, perspectiva de novos cortes nos juros e medidas para melhorar a concess\u00e3o de cr\u00e9dito basearam reajuste da entidade O volume de vendas do varejo brasileiro avan\u00e7ou +1,1% em mar\u00e7o deste ano, na compara\u00e7\u00e3o com fevereiro, de acordo com a Pesquisa Mensal de Com\u00e9rcio (PMC), divulgada hoje<br \/><a href=\"http:\/\/fecomercio-pe.com.br\/site\/cnc-eleva-de-50-para-54-projecao-de-crescimento-do-varejo-este-ano\/\" class=\"more\">Read more<\/a><\/p>\n","protected":false},"author":4,"featured_media":5259,"comment_status":"open","ping_status":"open","sticky":false,"template":"","format":"standard","meta":{"footnotes":""},"categories":[3],"tags":[],"_links":{"self":[{"href":"http:\/\/fecomercio-pe.com.br\/site\/wp-json\/wp\/v2\/posts\/5258"}],"collection":[{"href":"http:\/\/fecomercio-pe.com.br\/site\/wp-json\/wp\/v2\/posts"}],"about":[{"href":"http:\/\/fecomercio-pe.com.br\/site\/wp-json\/wp\/v2\/types\/post"}],"author":[{"embeddable":true,"href":"http:\/\/fecomercio-pe.com.br\/site\/wp-json\/wp\/v2\/users\/4"}],"replies":[{"embeddable":true,"href":"http:\/\/fecomercio-pe.com.br\/site\/wp-json\/wp\/v2\/comments?post=5258"}],"version-history":[{"count":1,"href":"http:\/\/fecomercio-pe.com.br\/site\/wp-json\/wp\/v2\/posts\/5258\/revisions"}],"predecessor-version":[{"id":5260,"href":"http:\/\/fecomercio-pe.com.br\/site\/wp-json\/wp\/v2\/posts\/5258\/revisions\/5260"}],"wp:featuredmedia":[{"embeddable":true,"href":"http:\/\/fecomercio-pe.com.br\/site\/wp-json\/wp\/v2\/media\/5259"}],"wp:attachment":[{"href":"http:\/\/fecomercio-pe.com.br\/site\/wp-json\/wp\/v2\/media?parent=5258"}],"wp:term":[{"taxonomy":"category","embeddable":true,"href":"http:\/\/fecomercio-pe.com.br\/site\/wp-json\/wp\/v2\/categories?post=5258"},{"taxonomy":"post_tag","embeddable":true,"href":"http:\/\/fecomercio-pe.com.br\/site\/wp-json\/wp\/v2\/tags?post=5258"}],"curies":[{"name":"wp","href":"https:\/\/api.w.org\/{rel}","templated":true}]}}