{"id":5250,"date":"2018-05-10T12:26:23","date_gmt":"2018-05-10T15:26:23","guid":{"rendered":"http:\/\/fecomercio-pe.com.br\/site\/?p=5250"},"modified":"2018-05-10T12:26:23","modified_gmt":"2018-05-10T15:26:23","slug":"abreu-e-lima-ganha-centro-poliesportivo-do-sesc-pe","status":"publish","type":"post","link":"http:\/\/fecomercio-pe.com.br\/site\/abreu-e-lima-ganha-centro-poliesportivo-do-sesc-pe\/","title":{"rendered":"Abreu e Lima ganha Centro Poliesportivo do Sesc-PE"},"content":{"rendered":"<p><em>Atividades de esporte, lazer e cultura poder\u00e3o ser realizadas no equipamento. A inaugura\u00e7\u00e3o acontece no pr\u00f3ximo dia 14 de maio<\/em><\/p>\n<p>O projeto Sesc Comunidade, que est\u00e1 implantando conjuntos desportivos em diversas localidades do pa\u00eds, inaugura, na cidade de Abreu e Lima, na Regi\u00e3o Metropolitana do Recife, o seu segundo Centro Poliesportivo e de Lazer do Sesc em Pernambuco. Com investimento de mais de R$ 2 milh\u00f5es, o equipamento \u00e9 multiuso e, al\u00e9m de atividades esportivas e de lazer, poder\u00e1 receber a\u00e7\u00f5es culturais, de sa\u00fade e assist\u00eancia social. A inaugura\u00e7\u00e3o acontece na pr\u00f3xima segunda-feira (14\/5), \u00e0s 9h, com a presen\u00e7a do presidente do sistema Fecom\u00e9rcio\/Senac\/Sesc-PE, Josias Albuquerque, e do prefeito Marcos Jos\u00e9.<\/p>\n<p>O Centro Poliesportivo tem como patrono o empres\u00e1rio e empreendedor do ramo de autope\u00e7as Jorge Vicente, falecido em 2003. O espa\u00e7o possui quadra poliesportiva de aproximadamente 1,4 mil m\u00b2, com piso em concreto armado, revestido e com marca\u00e7\u00e3o para diversas modalidades. Tem \u00e1rea de jogo com prote\u00e7\u00e3o, cobertura de telha autoportantes e pilares de concreto armado, arquibancada com cinco e sete n\u00edveis para assist\u00eancia dos eventos desportivos, vesti\u00e1rio feminino e masculino com cabines para cadeirantes. Al\u00e9m disso, o equipamento tem sala de administra\u00e7\u00e3o com \u00e1rea de mais de 100 m\u00b2 para guardar materiais e equipamentos, estacionamento, reservat\u00f3rios de \u00e1gua pot\u00e1vel e sistema de esgoto.<\/p>\n<p>A inaugura\u00e7\u00e3o ser\u00e1 marcada por diversas atividades para a comunidade ao longo do dia. Das 9h \u00e0s 10h, os moradores poder\u00e3o participar de oficinas recreativas e de Badminton, jogos populares e cooperativos. Ainda no per\u00edodo da manh\u00e3, haver\u00e1 uma \u00a0Feira de Sa\u00fade, que se estender\u00e1 at\u00e9 \u00e0s 16h, apresenta\u00e7\u00e3o cultural do Grupo de Jovens do Instituto Passo de Anjos e a abertura do torneio de voleibol. J\u00e1 no turno da tarde, o p\u00fablico infantil poder\u00e1 se divertir com jogos de tabuleiros e conferir as bandas e fanfarras da regi\u00e3o. \u00c0s 15h, ser\u00e1 iniciada a solenidade oficial de inaugura\u00e7\u00e3o. Em seguida, ganha o espa\u00e7o o amistoso de futsal entre as equipes de Abreu e Lima e do Sesc com o chute oficial entre o presidente do Sistema Fecom\u00e9rcio-PE e o prefeito da cidade. O encerramento da programa\u00e7\u00e3o ser\u00e1 marcado com a entrega dos trof\u00e9us e um aul\u00e3o de zumba.<\/p>\n<p>\u201cCom o Centro Poliesportivo, queremos oferecer aos moradores da regi\u00e3o mais qualidade de vida e inclus\u00e3o social, dois atributos que empregamos em todas as nossas a\u00e7\u00f5es\u201d, afirma Josias. O primeiro foi entregue no munic\u00edpio de Sirinha\u00e9m, em 2017.<\/p>\n<p><strong>Patrono \u2013 <\/strong>Jorge Vicente Fran\u00e7a da Silva, falecido no dia 8 de mar\u00e7o de 2003, foi empres\u00e1rio e empreendedor do ramo de Auto Pe\u00e7as, na cidade de Abreu e Lima, diretor do Sindnorte e secret\u00e1rio e vice-presidente da CDL do munic\u00edpio. Formou-se na Universidade Cat\u00f3lica de Pernambuco, no curso de Ci\u00eancias Biol\u00f3gicas.<\/p>\n<p><strong>Servi\u00e7o:<\/strong><\/p>\n<p>Inaugura\u00e7\u00e3o do Centro Poliesportivo Comunit\u00e1rio Jorge Vicente Fran\u00e7a da Silva<\/p>\n<p>Data: 14 de maio de 2018<\/p>\n<p>Local: Rua Dom Helder C\u00e2mara, n\u00ba 1018, bairro do Alto S\u00e3o Miguel<\/p>\n<p>Hor\u00e1rio: 9h<\/p>\n<p>&nbsp;<\/p>\n","protected":false},"excerpt":{"rendered":"<p>Atividades de esporte, lazer e cultura poder\u00e3o ser realizadas no equipamento. A inaugura\u00e7\u00e3o acontece no pr\u00f3ximo dia 14 de maio O projeto Sesc Comunidade, que est\u00e1 implantando conjuntos desportivos em diversas localidades do pa\u00eds, inaugura, na cidade de Abreu e Lima, na Regi\u00e3o Metropolitana do Recife, o seu segundo Centro Poliesportivo e de Lazer do<br \/><a href=\"http:\/\/fecomercio-pe.com.br\/site\/abreu-e-lima-ganha-centro-poliesportivo-do-sesc-pe\/\" class=\"more\">Read more<\/a><\/p>\n","protected":false},"author":4,"featured_media":5251,"comment_status":"open","ping_status":"open","sticky":false,"template":"","format":"standard","meta":{"footnotes":""},"categories":[3],"tags":[],"_links":{"self":[{"href":"http:\/\/fecomercio-pe.com.br\/site\/wp-json\/wp\/v2\/posts\/5250"}],"collection":[{"href":"http:\/\/fecomercio-pe.com.br\/site\/wp-json\/wp\/v2\/posts"}],"about":[{"href":"http:\/\/fecomercio-pe.com.br\/site\/wp-json\/wp\/v2\/types\/post"}],"author":[{"embeddable":true,"href":"http:\/\/fecomercio-pe.com.br\/site\/wp-json\/wp\/v2\/users\/4"}],"replies":[{"embeddable":true,"href":"http:\/\/fecomercio-pe.com.br\/site\/wp-json\/wp\/v2\/comments?post=5250"}],"version-history":[{"count":1,"href":"http:\/\/fecomercio-pe.com.br\/site\/wp-json\/wp\/v2\/posts\/5250\/revisions"}],"predecessor-version":[{"id":5252,"href":"http:\/\/fecomercio-pe.com.br\/site\/wp-json\/wp\/v2\/posts\/5250\/revisions\/5252"}],"wp:featuredmedia":[{"embeddable":true,"href":"http:\/\/fecomercio-pe.com.br\/site\/wp-json\/wp\/v2\/media\/5251"}],"wp:attachment":[{"href":"http:\/\/fecomercio-pe.com.br\/site\/wp-json\/wp\/v2\/media?parent=5250"}],"wp:term":[{"taxonomy":"category","embeddable":true,"href":"http:\/\/fecomercio-pe.com.br\/site\/wp-json\/wp\/v2\/categories?post=5250"},{"taxonomy":"post_tag","embeddable":true,"href":"http:\/\/fecomercio-pe.com.br\/site\/wp-json\/wp\/v2\/tags?post=5250"}],"curies":[{"name":"wp","href":"https:\/\/api.w.org\/{rel}","templated":true}]}}