{"id":5041,"date":"2018-03-22T10:54:57","date_gmt":"2018-03-22T13:54:57","guid":{"rendered":"http:\/\/fecomercio-pe.com.br\/site\/?p=5041"},"modified":"2018-03-22T10:54:57","modified_gmt":"2018-03-22T13:54:57","slug":"recuperacao-da-economia-beneficiara-pascoa-em-2018","status":"publish","type":"post","link":"http:\/\/fecomercio-pe.com.br\/site\/recuperacao-da-economia-beneficiara-pascoa-em-2018\/","title":{"rendered":"Recupera\u00e7\u00e3o da economia beneficiar\u00e1 P\u00e1scoa em 2018"},"content":{"rendered":"<p><strong><em>Por Rafael Ramos, economista da Fecom\u00e9rcio-PE <\/em><\/strong><\/p>\n<p><strong><em>rafael.ramos@fecomercio-pe.com\u00a0<\/em><\/strong><\/p>\n<p>O Carnaval 2018 terminou com um cen\u00e1rio bem mais positivo que no ano anterior, com um<br \/>\ngrande n\u00famero de turistas visitando o Estado, gerando emprego e renda para parte da<br \/>\npopula\u00e7\u00e3o, al\u00e9m de contribuir com a arrecada\u00e7\u00e3o do setor p\u00fablico. Com o fim das festividades<br \/>\nde Momo, se inicia a prepara\u00e7\u00e3o para a comemora\u00e7\u00e3o da P\u00e1scoa, que, em 2018, ser\u00e1<br \/>\ninfluenciada por um \u00f3timo in\u00edcio do ano, com o n\u00edvel de consumo da popula\u00e7\u00e3o<br \/>\npernambucana mostrando movimento de recupera\u00e7\u00e3o cont\u00ednuo, confirmado pelo volume de<br \/>\nvendas positivo da Pesquisa Mensal do Com\u00e9rcio do IBGE.<\/p>\n<p>A comemora\u00e7\u00e3o traz\u00a0desdobramentos positivos para segmentos importantes do Varejo, como o de<br \/>\n\u201cHipermercados, supermercados, produtos aliment\u00edcios, bebidas e fumo\u201d, atrav\u00e9s da<br \/>\neleva\u00e7\u00e3o das vendas de itens que formam a tradicional alimenta\u00e7\u00e3o da Semana Santa,<br \/>\ncomo as verduras, pescados, chocolates, azeite, bolo e bebidas alco\u00f3licas.<br \/>\nA ind\u00fastria de chocolate tem uma boa expectativa em rela\u00e7\u00e3o ao volume de vendas,<br \/>\nprojetando um resultado positivo e superior aos tr\u00eas \u00faltimos anos. O setor, para amenizar os<br \/>\nmomentos de crise, precisou se reinventar, com inova\u00e7\u00f5es nos produtos, embalagens,<br \/>\nsabores e formas.<\/p>\n<p>As justificativas, assim como para o Carnaval, tamb\u00e9m se baseiam em<br \/>\num cen\u00e1rio econ\u00f4mico bem menos adverso que no mesmo per\u00edodo dos anos anteriores,<br \/>\ncom um mercado de trabalho n\u00e3o se deteriorando, com saldos de empregos formais<br \/>\nmelhores, al\u00e9m de uma gera\u00e7\u00e3o de empregos informais conseguindo segurar e amenizar o<br \/>\nn\u00famero de desocupados. Outro importante ponto \u00e9 o cr\u00e9dito menos caro e mais acess\u00edvel<br \/>\ndevido \u00e0s sucessivas quedas nas taxas de juros, como as do cart\u00e3o de cr\u00e9dito rotativo, e<br \/>\numa popula\u00e7\u00e3o mais confiante no futuro da economia com um n\u00edvel de consumo e<br \/>\ninvestimentos em crescimento.<\/p>\n<p>Analisando o comportamento dos pre\u00e7os na pr\u00e9-P\u00e1scoa de 2018, verifica-se que, de maneira<br \/>\ngeral, a comemora\u00e7\u00e3o tende a ser menos custosa para a popula\u00e7\u00e3o pernambucana. O<br \/>\nIPCA para a Regi\u00e3o Metropolitana do Recife (RMR) se encontra com bem menos press\u00e3o<br \/>\nque nos anos anteriores, refletindo um or\u00e7amento para a maioria da popula\u00e7\u00e3o menos<br \/>\nrestrito e com renda dispon\u00edvel maior para gastos menos essenciais. Verifica-se, na tabela<br \/>\nabaixo, que alguns itens se destacaram em rela\u00e7\u00e3o ao comportamento dos pre\u00e7os, como \u00e9 o<br \/>\ncaso do \u201cchocolate em barra e bombons\u201d, que mostrou queda m\u00e9dia nos pre\u00e7os de -9,23%<br \/>\nem 12 meses, sendo mat\u00e9ria prima dos tradicionais ovos de P\u00e1scoa. A varia\u00e7\u00e3o negativa vai<br \/>\ninfluenciar na composi\u00e7\u00e3o do pre\u00e7o de venda, mas n\u00e3o \u00e9 garantia de queda, j\u00e1 que existem<br \/>\noutros itens envolvendo o processo, que podem ter mostrado varia\u00e7\u00e3o do pre\u00e7o acima da<br \/>\nm\u00e9dia.<\/p>\n<p>O pre\u00e7o dos pescados deve mostrar estabilidade antes da Semana Santa. \u00c9<br \/>\nimportante lembrar que estes itens sofrem aumentos sazonais e que o consumidor deve se<br \/>\nadiantar nas compras para evitar pagar mais caro. Na outra ponta, as viagens para a<br \/>\npopula\u00e7\u00e3o que utiliza o feriado para visitar parentes em outras cidades devem ficar mais caras,<br \/>\npois o combust\u00edvel mostrou varia\u00e7\u00e3o positiva de 18,1% e as passagens a\u00e9reas de 12,41%.<br \/>\nO cen\u00e1rio nacional, segundo a Confedera\u00e7\u00e3o Nacional do Com\u00e9rcio de Bens, Servi\u00e7os e Turismo (CNC), tamb\u00e9m \u00e9<br \/>\nbastante positivo, com proje\u00e7\u00e3o de crescimento atingindo os 3,5%, que se confirmado ser\u00e1<br \/>\no maior valor dos \u00faltimos cinco anos para a P\u00e1scoa brasileira.<\/p>\n<p>A entidade tamb\u00e9m espera\u00a0para o Brasil uma gera\u00e7\u00e3o de emprego tempor\u00e1rio acima de 10,5 mil e faturamento superior<br \/>\na 2 bilh\u00f5es de reais. Diante deste fato, \u00e9 importante lembrar que o Varejo pernambucano<br \/>\nmostrou, em 2017, desempenho superior ao brasileiro, explicado especialmente por um<br \/>\naumento na massa de rendimento m\u00e9dio da popula\u00e7\u00e3o ocupada, explicando o porqu\u00ea da<br \/>\nexpectativa positiva para o desempenho da P\u00e1scoa no Estado.\u00a0O que ainda pode afetar as vendas&#8230;\u00e9 uma popula\u00e7\u00e3o com um n\u00edvel de endividamento alto e mostrando resist\u00eancia a queda nos\u00a0primeiros dois meses de 2018.<\/p>\n<p>As despesas de in\u00edcio de ano, somadas aos gastos do Carnaval, podem afetar algumas fam\u00edlias com pouca educa\u00e7\u00e3o financeira, restringindo a<br \/>\nparcela da popula\u00e7\u00e3o que pode comemorar a P\u00e1scoa, devido \u00e0 eleva\u00e7\u00e3o do n\u00famero de<br \/>\nendividados no Estado. O or\u00e7amento mais restrito em alguns lares pode fazer com que o<br \/>\nn\u00edvel de compras destes consumidores seja reduzido.<\/p>\n<p><a href=\"http:\/\/fecomercio-pe.com.br\/site\/wp-content\/uploads\/2018\/03\/Tabela-1.jpg\"><img loading=\"lazy\" decoding=\"async\" class=\"alignnone  wp-image-5043\" src=\"http:\/\/fecomercio-pe.com.br\/site\/wp-content\/uploads\/2018\/03\/Tabela-1-300x171.jpg\" alt=\"\" width=\"412\" height=\"235\" srcset=\"http:\/\/fecomercio-pe.com.br\/site\/wp-content\/uploads\/2018\/03\/Tabela-1-300x171.jpg 300w, http:\/\/fecomercio-pe.com.br\/site\/wp-content\/uploads\/2018\/03\/Tabela-1-768x437.jpg 768w, http:\/\/fecomercio-pe.com.br\/site\/wp-content\/uploads\/2018\/03\/Tabela-1-24x14.jpg 24w, http:\/\/fecomercio-pe.com.br\/site\/wp-content\/uploads\/2018\/03\/Tabela-1-36x20.jpg 36w, http:\/\/fecomercio-pe.com.br\/site\/wp-content\/uploads\/2018\/03\/Tabela-1-48x27.jpg 48w, http:\/\/fecomercio-pe.com.br\/site\/wp-content\/uploads\/2018\/03\/Tabela-1.jpg 876w\" sizes=\"(max-width: 412px) 100vw, 412px\" \/><\/a><\/p>\n","protected":false},"excerpt":{"rendered":"<p>Por Rafael Ramos, economista da Fecom\u00e9rcio-PE rafael.ramos@fecomercio-pe.com\u00a0 O Carnaval 2018 terminou com um cen\u00e1rio bem mais positivo que no ano anterior, com um grande n\u00famero de turistas visitando o Estado, gerando emprego e renda para parte da popula\u00e7\u00e3o, al\u00e9m de contribuir com a arrecada\u00e7\u00e3o do setor p\u00fablico. Com o fim das festividades de Momo, se<br \/><a href=\"http:\/\/fecomercio-pe.com.br\/site\/recuperacao-da-economia-beneficiara-pascoa-em-2018\/\" class=\"more\">Read more<\/a><\/p>\n","protected":false},"author":4,"featured_media":4656,"comment_status":"open","ping_status":"open","sticky":false,"template":"","format":"standard","meta":{"footnotes":""},"categories":[3],"tags":[],"_links":{"self":[{"href":"http:\/\/fecomercio-pe.com.br\/site\/wp-json\/wp\/v2\/posts\/5041"}],"collection":[{"href":"http:\/\/fecomercio-pe.com.br\/site\/wp-json\/wp\/v2\/posts"}],"about":[{"href":"http:\/\/fecomercio-pe.com.br\/site\/wp-json\/wp\/v2\/types\/post"}],"author":[{"embeddable":true,"href":"http:\/\/fecomercio-pe.com.br\/site\/wp-json\/wp\/v2\/users\/4"}],"replies":[{"embeddable":true,"href":"http:\/\/fecomercio-pe.com.br\/site\/wp-json\/wp\/v2\/comments?post=5041"}],"version-history":[{"count":1,"href":"http:\/\/fecomercio-pe.com.br\/site\/wp-json\/wp\/v2\/posts\/5041\/revisions"}],"predecessor-version":[{"id":5044,"href":"http:\/\/fecomercio-pe.com.br\/site\/wp-json\/wp\/v2\/posts\/5041\/revisions\/5044"}],"wp:featuredmedia":[{"embeddable":true,"href":"http:\/\/fecomercio-pe.com.br\/site\/wp-json\/wp\/v2\/media\/4656"}],"wp:attachment":[{"href":"http:\/\/fecomercio-pe.com.br\/site\/wp-json\/wp\/v2\/media?parent=5041"}],"wp:term":[{"taxonomy":"category","embeddable":true,"href":"http:\/\/fecomercio-pe.com.br\/site\/wp-json\/wp\/v2\/categories?post=5041"},{"taxonomy":"post_tag","embeddable":true,"href":"http:\/\/fecomercio-pe.com.br\/site\/wp-json\/wp\/v2\/tags?post=5041"}],"curies":[{"name":"wp","href":"https:\/\/api.w.org\/{rel}","templated":true}]}}