{"id":5038,"date":"2018-03-21T10:33:55","date_gmt":"2018-03-21T13:33:55","guid":{"rendered":"http:\/\/fecomercio-pe.com.br\/site\/?p=5038"},"modified":"2018-03-21T10:33:55","modified_gmt":"2018-03-21T13:33:55","slug":"carpina-discute-reforma-trabalhista-durante-forum-de-debates","status":"publish","type":"post","link":"http:\/\/fecomercio-pe.com.br\/site\/carpina-discute-reforma-trabalhista-durante-forum-de-debates\/","title":{"rendered":"Carpina discute Reforma Trabalhista durante F\u00f3rum de Debates"},"content":{"rendered":"<p><i><span style=\"font-family: tahoma, sans-serif;\">O evento j\u00e1 passou por diversas cidades de Pernambuco abordando o tema<\/span><\/i><\/p>\n<p style=\"font-weight: 400;\">Continuam grandes os desafios para alavancar o desenvolvimento do setor empresarial no contexto atual de recupera\u00e7\u00e3o econ\u00f4mica. Com a moderniza\u00e7\u00e3o das leis trabalhistas, que entraram em vigor em novembro de 2017, uma compreens\u00e3o detalhada da rela\u00e7\u00e3o empregador e empregado se fez necess\u00e1ria para uma melhor gest\u00e3o dos neg\u00f3cios. Pensando nisso,\u00a0\u200ba\u00a0Fecom\u00e9rcio-PE, em parceria com o Sebrae Pernambuco e apoio do Sincofarma e C\u00e2mara de Dirigentes Lojistas\u00a0\u200b(CDL\u200b)\u00a0de Carpina, realiza\u200b,\u00a0\u200bno dia\u00a012\u00a0de abril, das 18h \u00e0s 21h, o <strong>F\u00f3rum de Debates sobre\u00a0\u200bReforma Trabalhista<\/strong>, na CDL de Carpina.<\/p>\n<p style=\"font-weight: 400;\">A tem\u00e1tica, que j\u00e1 vem sendo trabalhada pel\u200ba Fecom\u00e9rcio-PE desde 2017\u200b,\u200b\u00a0com edi\u00e7\u00f5es no Recife, Serra Talhada, Petrolina e recentemente em Palmares, ser\u00e1 discutida amplamente pelo consultor jur\u00eddico da\u00a0\u200bentidade\u200b, Jos\u00e9 Almeida\u200b de Queiroz\u200b. \u201c\u00c9 preciso estar atento \u00e0s mudan\u00e7as e o nosso objetivo com a descentraliza\u00e7\u00e3o desse F\u00f3rum, levando \u00e0s cidades do interior tamb\u00e9m, \u00e9 contribuir para o desenvolvimento do setor d\u200bo\u200b\u00a0com\u00e9rcio de bens, servi\u00e7os e turismo do\u00a0\u200bE\u200bstado de Pernambuco\u200b,\u200b\u00a0discutindo a Reforma e seus impactos na din\u00e2mica de trabalho\u201d, pontua Almeida.<\/p>\n<p>\u200bAs \u200bi\u200bnscri\u00e7\u00f5es s\u00e3o gratuitas e podem ser feitas\u200b no site da Fecom\u00e9rcio-PE &#8211;\u00a0<a href=\"http:\/\/fecomercio-pe.com.br\/site\/\" data-saferedirecturl=\"https:\/\/www.google.com\/url?hl=pt-BR&amp;q=http:\/\/fecomercio-pe.com.br\/site\/&amp;source=gmail&amp;ust=1521724942709000&amp;usg=AFQjCNEB2wXB42MoJYmWbfbeuD6WvpRwBw\">http:\/\/fecomercio-pe.com.br\/site\/<\/a><\/p>\n<p style=\"font-weight: 400;\"><strong>Servi\u00e7o:<\/strong><\/p>\n<p style=\"font-weight: 400;\"><strong>F\u00f3rum de Debates\u200b sobre a\u200b\u00a0Reforma Trabalhista<\/strong><\/p>\n<p style=\"font-weight: 400;\">Data: 12\/04\/2018<\/p>\n<p style=\"font-weight: 400;\">Hor\u00e1rio: 18h \u00e0s 21h<\/p>\n<p style=\"font-weight: 400;\">Local: C\u00e2mara de Dirigentes Lojistas \u200b(\u200bCDL\u200b) de Carpina\u200b<\/p>\n<p style=\"font-weight: 400;\">Endere\u00e7o:\u00a0<a href=\"https:\/\/maps.google.com\/?q=Ac.+Pra%C3%A7a+Murilo+Silva,+267+-+Caja,+Carpina+-+PE,+55813-380&amp;entry=gmail&amp;source=g\" data-saferedirecturl=\"https:\/\/www.google.com\/url?hl=pt-BR&amp;q=https:\/\/maps.google.com\/?q%3DAc.%2BPra%25C3%25A7a%2BMurilo%2BSilva,%2B267%2B-%2BCaja,%2BCarpina%2B-%2BPE,%2B55813-380%26entry%3Dgmail%26source%3Dg&amp;source=gmail&amp;ust=1521724942709000&amp;usg=AFQjCNFYkZSpbXVwair1_n1866Xh9ZX6Tw\">Ac. Pra\u00e7a Murilo Silva, 267 &#8211; Caja, Carpina &#8211; PE, 55813-380<\/a><\/p>\n<p style=\"font-weight: 400;\">Inscri\u00e7\u00f5es:\u00a0<a href=\"http:\/\/www.fecomercio-pe.com\/\" data-saferedirecturl=\"https:\/\/www.google.com\/url?hl=pt-BR&amp;q=http:\/\/www.fecomercio-pe.com&amp;source=gmail&amp;ust=1521724942709000&amp;usg=AFQjCNEf8Y6kC2-ka6njDSobpiMKJs1rjw\">www.fecomercio-pe.com<\/a><\/p>\n<p style=\"font-weight: 400;\">Informa\u00e7\u00f5es: (81) 3231-6175 ou pelo e-mail\u00a0<a href=\"mailto:forumdedebates@fecomercio-pe.com\">forumdedebates@fecomercio-pe.com<\/a><\/p>\n<p style=\"font-weight: 400;\"><strong>Programa\u00e7\u00e3o:<\/strong><\/p>\n<p style=\"font-weight: 400;\">18h \u2013 Credenciamento<\/p>\n<p style=\"font-weight: 400;\">19h \u2013 Abertura<\/p>\n<p style=\"font-weight: 400;\">19h30 \u2013 A Reforma Trabalhista e seus Impactos &#8211; Jos\u00e9 Almeida\u200b de Queiroz,\u00a0consultor jur\u00eddico da Fecom\u00e9rcio\u200b-PE\u200b<\/p>\n<p style=\"font-weight: 400;\">20h30 \u2013 Painel de Debates<\/p>\n<p style=\"font-weight: 400;\">21h \u2013 Encerramento.<\/p>\n","protected":false},"excerpt":{"rendered":"<p>O evento j\u00e1 passou por diversas cidades de Pernambuco abordando o tema Continuam grandes os desafios para alavancar o desenvolvimento do setor empresarial no contexto atual de recupera\u00e7\u00e3o econ\u00f4mica. Com a moderniza\u00e7\u00e3o das leis trabalhistas, que entraram em vigor em novembro de 2017, uma compreens\u00e3o detalhada da rela\u00e7\u00e3o empregador e empregado se fez necess\u00e1ria para<br \/><a href=\"http:\/\/fecomercio-pe.com.br\/site\/carpina-discute-reforma-trabalhista-durante-forum-de-debates\/\" class=\"more\">Read more<\/a><\/p>\n","protected":false},"author":4,"featured_media":4576,"comment_status":"open","ping_status":"open","sticky":false,"template":"","format":"standard","meta":{"footnotes":""},"categories":[3],"tags":[],"_links":{"self":[{"href":"http:\/\/fecomercio-pe.com.br\/site\/wp-json\/wp\/v2\/posts\/5038"}],"collection":[{"href":"http:\/\/fecomercio-pe.com.br\/site\/wp-json\/wp\/v2\/posts"}],"about":[{"href":"http:\/\/fecomercio-pe.com.br\/site\/wp-json\/wp\/v2\/types\/post"}],"author":[{"embeddable":true,"href":"http:\/\/fecomercio-pe.com.br\/site\/wp-json\/wp\/v2\/users\/4"}],"replies":[{"embeddable":true,"href":"http:\/\/fecomercio-pe.com.br\/site\/wp-json\/wp\/v2\/comments?post=5038"}],"version-history":[{"count":1,"href":"http:\/\/fecomercio-pe.com.br\/site\/wp-json\/wp\/v2\/posts\/5038\/revisions"}],"predecessor-version":[{"id":5039,"href":"http:\/\/fecomercio-pe.com.br\/site\/wp-json\/wp\/v2\/posts\/5038\/revisions\/5039"}],"wp:featuredmedia":[{"embeddable":true,"href":"http:\/\/fecomercio-pe.com.br\/site\/wp-json\/wp\/v2\/media\/4576"}],"wp:attachment":[{"href":"http:\/\/fecomercio-pe.com.br\/site\/wp-json\/wp\/v2\/media?parent=5038"}],"wp:term":[{"taxonomy":"category","embeddable":true,"href":"http:\/\/fecomercio-pe.com.br\/site\/wp-json\/wp\/v2\/categories?post=5038"},{"taxonomy":"post_tag","embeddable":true,"href":"http:\/\/fecomercio-pe.com.br\/site\/wp-json\/wp\/v2\/tags?post=5038"}],"curies":[{"name":"wp","href":"https:\/\/api.w.org\/{rel}","templated":true}]}}