{"id":5036,"date":"2018-03-20T17:45:03","date_gmt":"2018-03-20T20:45:03","guid":{"rendered":"http:\/\/fecomercio-pe.com.br\/site\/?p=5036"},"modified":"2018-03-20T17:45:03","modified_gmt":"2018-03-20T20:45:03","slug":"credito-na-medida-e-com-orientacao","status":"publish","type":"post","link":"http:\/\/fecomercio-pe.com.br\/site\/credito-na-medida-e-com-orientacao\/","title":{"rendered":"Cr\u00e9dito na medida e com orienta\u00e7\u00e3o"},"content":{"rendered":"<p><i>Caf\u00e9 de Neg\u00f3cios capacita com palestras gratuitas<\/i><\/p>\n<p style=\"font-weight: 400;\">Os empres\u00e1rios de pequeno porte (EPP) e os micro empres\u00e1rios (ME) v\u00e3o ter a oportunidade de entender o\u00a0<em>Programa Empreender Mais Simples: menos burocracia, mais cr\u00e9dito<\/em>, durante o Caf\u00e9 de Neg\u00f3cios, no dia 11 de abril, no sal\u00e3o de eventos do Senac, em Santo Amaro. O programa facilita o acesso ao cr\u00e9dito e garante assist\u00eancia gerencial \u00e0s micro e pequenas empresas e foi criado pelo Sebrae e Banco do Brasil, que, junto\u200bs\u00a0com a Fecom\u00e9rcio-PE, promovem o encontro.\u00a0\u201cEsse \u00e9 o primeiro evento que iremos realizar com esse formato de caf\u00e9 empresarial e buscamos trazer medidas de apoio ao fortalecimento dos pequenos neg\u00f3cios, principalmente nessa fase de recupera\u00e7\u00e3o da economia nacional. A mobiliza\u00e7\u00e3o do p\u00fablico ser\u00e1 focada no setor terci\u00e1rio\u201d, explica a diretora executiva do Instituto Fecom\u00e9rcio\u200b-PE\u200b, Brena Castelo Branco.<\/p>\n<p style=\"font-weight: 400;\">Durante o evento, as empresas que aderirem ao\u00a0\u200bprograma poder\u00e3o agendar uma consultoria financeira oferecida gratuitamente pelo Sebrae. Ser\u00e3o 4h de consultoria a serem prestadas por um profissional especializado na \u00e1rea de gest\u00e3o financeira.\u00a0\u201cEsperamos melhorar o fluxo de caixa das empresas por meio de financiamento para capital de giro, com encargo financeiro bastante atrativo, proporcionado pela linha de cr\u00e9dito Empreender Mais Simples. Essa linha de cr\u00e9dito pode financiar at\u00e9 200 mil reais por empresa. Deve-se considerar que se trata de um cr\u00e9dito orientado, no qual, al\u00e9m do financiamento, s\u00e3o garantidas horas de consultorias disponibilizadas pelo Sebrae, sem custos para a empresa\u201d, explica o analista do Sebrae em Pernambuco, Jo\u00e3o Albuquerque.<\/p>\n<p>\u200b\u00a0As\u00a0inscri\u00e7\u00f5es podem ser feitas por meio do site da Fecom\u00e9rcio \u2013\u00a0<a href=\"http:\/\/eventos.fecomercio-pe.com.br\/forum-de-debates\/cafe-de-negocios\/\" data-saferedirecturl=\"https:\/\/www.google.com\/url?hl=pt-BR&amp;q=http:\/\/eventos.fecomercio-pe.com.br\/forum-de-debates\/cafe-de-negocios\/&amp;source=gmail&amp;ust=1521664679217000&amp;usg=AFQjCNGksVK3uHMOjWV1EGMxWI53KcGTVQ\">http:\/\/eventos.fecomercio-pe.com.br\/forum-de-debates\/cafe-de-negocios\/<\/a><\/p>\n<p style=\"font-weight: 400;\"><strong>Programa\u00e7\u00e3o:<\/strong><\/p>\n<p style=\"font-weight: 400;\">8h30\u200b &#8211;\u00a0Credenciamento<br \/>\n9h\u00a0&#8211; Abertura de boas vindas\u00a0&#8211;\u00a0Fecom\u00e9rcio\/Sebrae\/BB<br \/>\n9h30\u00a0&#8211;\u00a0O Programa de Cr\u00e9dito Orientado Empreender Mais Simples<br \/>\n10h30\u00a0&#8211;\u00a0Debate<br \/>\n11h\u00a0&#8211;\u00a0Encerramento<\/p>\n<p style=\"font-weight: 400;\"><strong>Servi\u00e7o:<\/strong><\/p>\n<p style=\"font-weight: 400;\">Local: Sal\u00e3o de Eventos do Senac (Avenida Visconde de Suassuna, 500, Santo Amaro, Recife)<\/p>\n<p style=\"font-weight: 400;\">Data: 11\/04\/2018<\/p>\n<p style=\"font-weight: 400;\">Hor\u00e1rio: 8h30 \u00e0s 11h<\/p>\n","protected":false},"excerpt":{"rendered":"<p>Caf\u00e9 de Neg\u00f3cios capacita com palestras gratuitas Os empres\u00e1rios de pequeno porte (EPP) e os micro empres\u00e1rios (ME) v\u00e3o ter a oportunidade de entender o\u00a0Programa Empreender Mais Simples: menos burocracia, mais cr\u00e9dito, durante o Caf\u00e9 de Neg\u00f3cios, no dia 11 de abril, no sal\u00e3o de eventos do Senac, em Santo Amaro. O programa facilita o<br \/><a href=\"http:\/\/fecomercio-pe.com.br\/site\/credito-na-medida-e-com-orientacao\/\" class=\"more\">Read more<\/a><\/p>\n","protected":false},"author":4,"featured_media":4652,"comment_status":"open","ping_status":"open","sticky":false,"template":"","format":"standard","meta":{"footnotes":""},"categories":[3],"tags":[],"_links":{"self":[{"href":"http:\/\/fecomercio-pe.com.br\/site\/wp-json\/wp\/v2\/posts\/5036"}],"collection":[{"href":"http:\/\/fecomercio-pe.com.br\/site\/wp-json\/wp\/v2\/posts"}],"about":[{"href":"http:\/\/fecomercio-pe.com.br\/site\/wp-json\/wp\/v2\/types\/post"}],"author":[{"embeddable":true,"href":"http:\/\/fecomercio-pe.com.br\/site\/wp-json\/wp\/v2\/users\/4"}],"replies":[{"embeddable":true,"href":"http:\/\/fecomercio-pe.com.br\/site\/wp-json\/wp\/v2\/comments?post=5036"}],"version-history":[{"count":1,"href":"http:\/\/fecomercio-pe.com.br\/site\/wp-json\/wp\/v2\/posts\/5036\/revisions"}],"predecessor-version":[{"id":5037,"href":"http:\/\/fecomercio-pe.com.br\/site\/wp-json\/wp\/v2\/posts\/5036\/revisions\/5037"}],"wp:featuredmedia":[{"embeddable":true,"href":"http:\/\/fecomercio-pe.com.br\/site\/wp-json\/wp\/v2\/media\/4652"}],"wp:attachment":[{"href":"http:\/\/fecomercio-pe.com.br\/site\/wp-json\/wp\/v2\/media?parent=5036"}],"wp:term":[{"taxonomy":"category","embeddable":true,"href":"http:\/\/fecomercio-pe.com.br\/site\/wp-json\/wp\/v2\/categories?post=5036"},{"taxonomy":"post_tag","embeddable":true,"href":"http:\/\/fecomercio-pe.com.br\/site\/wp-json\/wp\/v2\/tags?post=5036"}],"curies":[{"name":"wp","href":"https:\/\/api.w.org\/{rel}","templated":true}]}}