{"id":5006,"date":"2018-03-13T13:01:57","date_gmt":"2018-03-13T16:01:57","guid":{"rendered":"http:\/\/fecomercio-pe.com.br\/site\/?p=5006"},"modified":"2018-03-13T13:01:57","modified_gmt":"2018-03-13T16:01:57","slug":"varejo-tem-o-melhor-janeiro-em-cinco-anos","status":"publish","type":"post","link":"http:\/\/fecomercio-pe.com.br\/site\/varejo-tem-o-melhor-janeiro-em-cinco-anos\/","title":{"rendered":"Varejo tem o melhor janeiro em cinco anos"},"content":{"rendered":"<p><em>Alta de 6,5% em janeiro na compara\u00e7\u00e3o anual levou a CNC a elevar para 5,2% sua proje\u00e7\u00e3o de faturamento do setor em 2018<\/em><\/p>\n<p style=\"font-weight: 400;\">O com\u00e9rcio varejista registrou em janeiro alta de 6,5% no conceito ampliado, em rela\u00e7\u00e3o ao mesmo per\u00edodo de 2017, segundo dados da Pesquisa Mensal de Com\u00e9rcio (PMC), divulgados hoje, 13 de mar\u00e7o, pelo IBGE. Este \u00e9 o melhor resultado para o m\u00eas de janeiro desde 2013, quando houve alta de 7,0% no faturamento real do setor.<\/p>\n<p style=\"font-weight: 400;\">Com crescimento de 18,2%, o segmento de com\u00e9rcio automotivo registrou o melhor resultado na compara\u00e7\u00e3o interanual para meses de janeiro dos \u00faltimos dez anos. Os ramos de artigos de uso pessoal e dom\u00e9stico (+10,5%) e materiais de constru\u00e7\u00e3o (+7,3%) tamb\u00e9m tiveram destaques positivos.<\/p>\n<p style=\"font-weight: 400;\">Diante dos resultados, a Confedera\u00e7\u00e3o Nacional do Com\u00e9rcio de Bens, Servi\u00e7os e Turismo (CNC) revisou sua proje\u00e7\u00e3o para o volume de vendas no varejo ampliado de +5,0% para +5,2% ao fim de 2018. \u201cA ancoragem das expectativas em rela\u00e7\u00e3o \u00e0 infla\u00e7\u00e3o abaixo do centro da meta neste ano dever\u00e1 viabilizar a intensifica\u00e7\u00e3o da queda das taxas de juros na ponta nos pr\u00f3ximos meses e, consequentemente, permitir a continua\u00e7\u00e3o do processo de recupera\u00e7\u00e3o do volume de vendas do setor\u201d, afirma o chefe da Divis\u00e3o Econ\u00f4mica da CNC, Fabio Bentes.<\/p>\n<p style=\"font-weight: 400;\"><strong>Recupera\u00e7\u00e3o em todos os estados<\/strong><\/p>\n<p style=\"font-weight: 400;\">Tamb\u00e9m pela primeira vez em cinco anos, todos os estados brasileiros registraram aumento no faturamento real do varejo, fato que confirma a robustez da recupera\u00e7\u00e3o do setor. O crescimento generalizado n\u00e3o acontecia desde abril de 2013. As maiores taxas positivas ocorreram nos Estados de Santa Catarina (+20,6%), Rond\u00f4nia (+19,0%) e Amazonas (+14,6%).<\/p>\n<p style=\"font-weight: 400;\">Outro fator importante para a rea\u00e7\u00e3o mais clara dos segmentos dependentes das condi\u00e7\u00f5es de cr\u00e9dito foi o comportamento das presta\u00e7\u00f5es. Entre janeiro de 2017 e o primeiro m\u00eas deste ano, a presta\u00e7\u00e3o m\u00e9dia obtida a partir das taxas e dos prazos m\u00e9dios nas opera\u00e7\u00f5es envolvendo as pessoas f\u00edsicas recuou 16,2%.<\/p>\n","protected":false},"excerpt":{"rendered":"<p>Alta de 6,5% em janeiro na compara\u00e7\u00e3o anual levou a CNC a elevar para 5,2% sua proje\u00e7\u00e3o de faturamento do setor em 2018 O com\u00e9rcio varejista registrou em janeiro alta de 6,5% no conceito ampliado, em rela\u00e7\u00e3o ao mesmo per\u00edodo de 2017, segundo dados da Pesquisa Mensal de Com\u00e9rcio (PMC), divulgados hoje, 13 de mar\u00e7o,<br \/><a href=\"http:\/\/fecomercio-pe.com.br\/site\/varejo-tem-o-melhor-janeiro-em-cinco-anos\/\" class=\"more\">Read more<\/a><\/p>\n","protected":false},"author":4,"featured_media":5007,"comment_status":"open","ping_status":"open","sticky":false,"template":"","format":"standard","meta":{"footnotes":""},"categories":[3],"tags":[],"_links":{"self":[{"href":"http:\/\/fecomercio-pe.com.br\/site\/wp-json\/wp\/v2\/posts\/5006"}],"collection":[{"href":"http:\/\/fecomercio-pe.com.br\/site\/wp-json\/wp\/v2\/posts"}],"about":[{"href":"http:\/\/fecomercio-pe.com.br\/site\/wp-json\/wp\/v2\/types\/post"}],"author":[{"embeddable":true,"href":"http:\/\/fecomercio-pe.com.br\/site\/wp-json\/wp\/v2\/users\/4"}],"replies":[{"embeddable":true,"href":"http:\/\/fecomercio-pe.com.br\/site\/wp-json\/wp\/v2\/comments?post=5006"}],"version-history":[{"count":1,"href":"http:\/\/fecomercio-pe.com.br\/site\/wp-json\/wp\/v2\/posts\/5006\/revisions"}],"predecessor-version":[{"id":5008,"href":"http:\/\/fecomercio-pe.com.br\/site\/wp-json\/wp\/v2\/posts\/5006\/revisions\/5008"}],"wp:featuredmedia":[{"embeddable":true,"href":"http:\/\/fecomercio-pe.com.br\/site\/wp-json\/wp\/v2\/media\/5007"}],"wp:attachment":[{"href":"http:\/\/fecomercio-pe.com.br\/site\/wp-json\/wp\/v2\/media?parent=5006"}],"wp:term":[{"taxonomy":"category","embeddable":true,"href":"http:\/\/fecomercio-pe.com.br\/site\/wp-json\/wp\/v2\/categories?post=5006"},{"taxonomy":"post_tag","embeddable":true,"href":"http:\/\/fecomercio-pe.com.br\/site\/wp-json\/wp\/v2\/tags?post=5006"}],"curies":[{"name":"wp","href":"https:\/\/api.w.org\/{rel}","templated":true}]}}