{"id":5001,"date":"2018-03-07T09:43:00","date_gmt":"2018-03-07T12:43:00","guid":{"rendered":"http:\/\/fecomercio-pe.com.br\/site\/?p=5001"},"modified":"2018-03-07T09:43:00","modified_gmt":"2018-03-07T12:43:00","slug":"cartao-de-credito-endividou-familias-brasileiras-em-fevereiro-independentemente-da-renda","status":"publish","type":"post","link":"http:\/\/fecomercio-pe.com.br\/site\/cartao-de-credito-endividou-familias-brasileiras-em-fevereiro-independentemente-da-renda\/","title":{"rendered":"Cart\u00e3o de cr\u00e9dito endividou fam\u00edlias brasileiras em fevereiro, independentemente da renda"},"content":{"rendered":"<p>Vil\u00e3o das contas atingiu 78% das fam\u00edlias com renda at\u00e9 dez sal\u00e1rios m\u00ednimos e 73,3% daquelas com renda acima de dez sal\u00e1rios m\u00ednimos<\/p>\n<p style=\"font-weight: 400;\">Em fevereiro, o cart\u00e3o de cr\u00e9dito foi o grande vil\u00e3o para 77% das fam\u00edlias que se declararam endividadas na Pesquisa de Endividamento e Inadimpl\u00eancia do Consumidor (Peic), apurada mensalmente pela Confedera\u00e7\u00e3o Nacional do Com\u00e9rcio de Bens, Servi\u00e7os e Turismo (CNC). Na sequ\u00eancia, carn\u00eas (16,5%) e financiamento de carro (10,7%) tamb\u00e9m comprometeram o or\u00e7amento das fam\u00edlias em todo o Pa\u00eds.<\/p>\n<p style=\"font-weight: 400;\">O cart\u00e3o se destaca na pesquisa por ser a principal d\u00edvida tanto para as fam\u00edlias com renda at\u00e9 dez sal\u00e1rios m\u00ednimos (78,0%) quanto para aquelas com renda acima de dez sal\u00e1rios m\u00ednimos (73,3%).<\/p>\n<p style=\"font-weight: 400;\">Em fevereiro, o n\u00famero de fam\u00edlias endividadas apresentou queda apenas na faixa de menor renda, na compara\u00e7\u00e3o com janeiro: para as fam\u00edlias que ganham at\u00e9 dez sal\u00e1rios m\u00ednimos, o percentual passou de 62,9% em janeiro para 62,7% em fevereiro. J\u00e1 para as fam\u00edlias com renda acima de dez sal\u00e1rios m\u00ednimos, o percentual de fam\u00edlias endividadas passou de 53,6% em janeiro deste ano para 53,8% em fevereiro.<\/p>\n<p style=\"font-weight: 400;\"><strong>Dados gerais<\/strong><\/p>\n<p style=\"font-weight: 400;\">Apesar do cart\u00e3o de cr\u00e9dito e de outras modalidades de d\u00edvida, o dado geral da Peic mostra que o percentual de fam\u00edlias endividadas recuou de 61,3 em janeiro para 61,2% em fevereiro deste ano \u2013 um avan\u00e7o pequeno, mas positivo perto da base comparativa fraca do ano passado. \u201cA recupera\u00e7\u00e3o da renda do trabalho e a queda das taxas de juros s\u00e3o alguns dos fatores que impactam diretamente o endividamento e favorecem uma melhora gradual em algumas modalidades de cr\u00e9dito\u201d, afirma Marianne Hanson, economista da CNC.<\/p>\n<p style=\"font-weight: 400;\">A pesquisa mostra ainda que a propor\u00e7\u00e3o das fam\u00edlias com d\u00edvidas ou contas em atraso diminuiu em fevereiro, atingindo 24,9% das fam\u00edlias, ante 25,0% em janeiro. Outro dado que apresentou queda em fevereiro foi a propor\u00e7\u00e3o de fam\u00edlias que declararam n\u00e3o ter condi\u00e7\u00f5es de pagar as suas contas ou d\u00edvidas em atraso e que, portanto, permaneceriam inadimplentes: 9,7%, ante os 9,5% registrados em janeiro.<\/p>\n<p style=\"font-weight: 400;\"><strong>N\u00edvel de endividamento<\/strong><\/p>\n<p style=\"font-weight: 400;\">A propor\u00e7\u00e3o das fam\u00edlias que se declararam muito endividadas ficou est\u00e1vel, mantendo-se em 13,6% do total de entrevistados. Na compara\u00e7\u00e3o anual, houve queda de 0,8 ponto percentual. Por outro lado, o percentual de fam\u00edlias que se declararam pouco endividadas teve alta em rela\u00e7\u00e3o a 2017: passou de 23,1% para 24,2% do total de fam\u00edlias.<\/p>\n<p style=\"font-weight: 400;\"><strong>Prazo de endividamento<\/strong><\/p>\n<p style=\"font-weight: 400;\">O tempo m\u00e9dio de atraso para o pagamento de d\u00edvidas foi de 64,9 dias em fevereiro de 2018, inferior aos 65,7 no mesmo per\u00edodo do ano passado. Em m\u00e9dia, o comprometimento com as d\u00edvidas foi de 6,9 meses, sendo que 31,1% das fam\u00edlias possuem d\u00edvidas por mais de um ano e 25,8%, por at\u00e9 tr\u00eas meses. Entre aquelas endividadas, 20,9% afirmam ter mais da metade da sua renda mensal comprometida com o pagamento de d\u00edvidas.<\/p>\n","protected":false},"excerpt":{"rendered":"<p>Vil\u00e3o das contas atingiu 78% das fam\u00edlias com renda at\u00e9 dez sal\u00e1rios m\u00ednimos e 73,3% daquelas com renda acima de dez sal\u00e1rios m\u00ednimos Em fevereiro, o cart\u00e3o de cr\u00e9dito foi o grande vil\u00e3o para 77% das fam\u00edlias que se declararam endividadas na Pesquisa de Endividamento e Inadimpl\u00eancia do Consumidor (Peic), apurada mensalmente pela Confedera\u00e7\u00e3o Nacional<br \/><a href=\"http:\/\/fecomercio-pe.com.br\/site\/cartao-de-credito-endividou-familias-brasileiras-em-fevereiro-independentemente-da-renda\/\" class=\"more\">Read more<\/a><\/p>\n","protected":false},"author":4,"featured_media":5002,"comment_status":"open","ping_status":"open","sticky":false,"template":"","format":"standard","meta":{"footnotes":""},"categories":[3],"tags":[],"_links":{"self":[{"href":"http:\/\/fecomercio-pe.com.br\/site\/wp-json\/wp\/v2\/posts\/5001"}],"collection":[{"href":"http:\/\/fecomercio-pe.com.br\/site\/wp-json\/wp\/v2\/posts"}],"about":[{"href":"http:\/\/fecomercio-pe.com.br\/site\/wp-json\/wp\/v2\/types\/post"}],"author":[{"embeddable":true,"href":"http:\/\/fecomercio-pe.com.br\/site\/wp-json\/wp\/v2\/users\/4"}],"replies":[{"embeddable":true,"href":"http:\/\/fecomercio-pe.com.br\/site\/wp-json\/wp\/v2\/comments?post=5001"}],"version-history":[{"count":1,"href":"http:\/\/fecomercio-pe.com.br\/site\/wp-json\/wp\/v2\/posts\/5001\/revisions"}],"predecessor-version":[{"id":5003,"href":"http:\/\/fecomercio-pe.com.br\/site\/wp-json\/wp\/v2\/posts\/5001\/revisions\/5003"}],"wp:featuredmedia":[{"embeddable":true,"href":"http:\/\/fecomercio-pe.com.br\/site\/wp-json\/wp\/v2\/media\/5002"}],"wp:attachment":[{"href":"http:\/\/fecomercio-pe.com.br\/site\/wp-json\/wp\/v2\/media?parent=5001"}],"wp:term":[{"taxonomy":"category","embeddable":true,"href":"http:\/\/fecomercio-pe.com.br\/site\/wp-json\/wp\/v2\/categories?post=5001"},{"taxonomy":"post_tag","embeddable":true,"href":"http:\/\/fecomercio-pe.com.br\/site\/wp-json\/wp\/v2\/tags?post=5001"}],"curies":[{"name":"wp","href":"https:\/\/api.w.org\/{rel}","templated":true}]}}