{"id":4984,"date":"2018-02-27T18:04:48","date_gmt":"2018-02-27T21:04:48","guid":{"rendered":"http:\/\/fecomercio-pe.com.br\/site\/?p=4984"},"modified":"2018-02-27T18:04:48","modified_gmt":"2018-02-27T21:04:48","slug":"confianca-do-comercio-tem-alta-de-33-em-relacao-a-janeiro","status":"publish","type":"post","link":"http:\/\/fecomercio-pe.com.br\/site\/confianca-do-comercio-tem-alta-de-33-em-relacao-a-janeiro\/","title":{"rendered":"Confian\u00e7a do com\u00e9rcio tem alta de 3,3% em rela\u00e7\u00e3o a janeiro"},"content":{"rendered":"<p><em>Otimismo com cen\u00e1rio econ\u00f4mico atual \u00e9 destaque, com alta de 46,3% em rela\u00e7\u00e3o ao mesmo per\u00edodo do ano passado, segundo dados do \u00cdndice de Confian\u00e7a do Empres\u00e1rio do Com\u00e9rcio (Icec), da CNC\u00a0<\/em><\/p>\n<p style=\"font-weight: 400;\">O \u00cdndice de Confian\u00e7a do Empres\u00e1rio do Com\u00e9rcio (Icec), apurado pela Confedera\u00e7\u00e3o Nacional do Com\u00e9rcio de Bens, Servi\u00e7os e Turismo (CNC), atingiu 113,2 pontos no m\u00eas de fevereiro, mantendo-se acima da zona de indiferen\u00e7a (100 pontos). Na compara\u00e7\u00e3o com janeiro, o indicador evoluiu 3,3%, na s\u00e9rie com ajuste sazonal. J\u00e1 ante o mesmo per\u00edodo de 2017, o aumento foi de 18,5%.<\/p>\n<p>\u201cA leve melhora do n\u00edvel de consumo, devido \u00e0 queda da infla\u00e7\u00e3o, in\u00edcio do processo de recuo no custo do cr\u00e9dito e no desemprego, resultou no aumento do otimismo por parte do empres\u00e1rio quanto ao cen\u00e1rio atual\u201d, explica Bruno Fernandes, economista da CNC.<\/p>\n<p>O sub\u00edndice que mede a avalia\u00e7\u00e3o das condi\u00e7\u00f5es correntes pelo comerciante apresentou aumento mensal de 6,1%, na s\u00e9rie com ajuste sazonal, e 46,3% na compara\u00e7\u00e3o com o mesmo per\u00edodo do ano passado. Neste fevereiro, 48,8% dos comerciantes consideram o desempenho do com\u00e9rcio melhor do que h\u00e1 um ano. Em fevereiro de 2017, esse percentual havia atingido 28,4% dos consultados. Apesar disso, o componente continua na zona negativa (abaixo dos 100 pontos), com 90,4 pontos.<\/p>\n<p>Em rela\u00e7\u00e3o ao ano passado, a percep\u00e7\u00e3o dos varejistas sobre as condi\u00e7\u00f5es atuais melhorou expressivamente em todos os itens avaliados (economia, setor e empresa), com destaque para a economia, com aumento de 69,9%.\u00a0Agora em fevereiro, 43,2% dos comerciantes consideram que a economia est\u00e1 melhor do que h\u00e1 um ano.<\/p>\n<p><strong>Expectativas aumentam<\/p>\n<p><\/strong>O \u00cdndice de Expectativas do Empres\u00e1rio do Com\u00e9rcio aumentou 1,5% em rela\u00e7\u00e3o a janeiro e 8% na compara\u00e7\u00e3o anual. O componente segue como o \u00fanico sub\u00edndice da pesquisa acima da zona de indiferen\u00e7a, com 153,1 pontos.<\/p>\n<p>As perspectivas em curto prazo em rela\u00e7\u00e3o ao desempenho do com\u00e9rcio (+8,1%), da pr\u00f3pria empresa (+5,7%) e da economia (+10,6%) melhoraram em compara\u00e7\u00e3o com o mesmo per\u00edodo de 2017. Na avalia\u00e7\u00e3o de 83,6% dos entrevistados, a economia vai melhorar nos seis meses \u00e0 frente.<\/p>\n<p><strong>Mais inten\u00e7\u00e3o de investir<\/p>\n<p><\/strong>O sub\u00edndice que mede as inten\u00e7\u00f5es de investimento do com\u00e9rcio teve novo aumento em fevereiro deste ano (+2,4%). Na compara\u00e7\u00e3o com 2017, a eleva\u00e7\u00e3o foi de 15,7%, com destaque para o aumento da inten\u00e7\u00e3o de investir na empresa (+25,9%).<\/p>\n<p>Considerando a perspectiva de melhor desempenho das vendas e contrata\u00e7\u00f5es, nota-se maior inten\u00e7\u00e3o de contratar funcion\u00e1rios (+17,2%) do que em fevereiro de 2017, assim como maior inten\u00e7\u00e3o de renovar os estoques (+5,6%).<\/p>\n<p><strong>Estoques acima do esperado<\/strong><\/p>\n<p style=\"font-weight: 400;\">Para 25,9% dos comerciantes consultados em fevereiro, o n\u00edvel dos estoques est\u00e1 acima do que esperavam vender, propor\u00e7\u00e3o menor do que a apontada em janeiro (27,5%). Esse percentual, que indica insatisfa\u00e7\u00e3o quanto ao n\u00edvel dos estoques, tem reduzido e converge, m\u00eas ap\u00f3s m\u00eas, para a m\u00e9dia hist\u00f3rica do indicador (24,8%).<\/p>\n<p>Para este ano, a previs\u00e3o da CNC \u00e9 que o com\u00e9rcio registre alta de 5%, podendo resultar no maior crescimento das vendas desde 2012.\u00a0Esse cen\u00e1rio se baseia na percep\u00e7\u00e3o de continuidade de menor press\u00e3o de pre\u00e7os no curto prazo, al\u00e9m de uma expectativa de recuo no custo do cr\u00e9dito e recupera\u00e7\u00e3o do emprego e da renda ao longo do ano.<\/p>\n","protected":false},"excerpt":{"rendered":"<p>Otimismo com cen\u00e1rio econ\u00f4mico atual \u00e9 destaque, com alta de 46,3% em rela\u00e7\u00e3o ao mesmo per\u00edodo do ano passado, segundo dados do \u00cdndice de Confian\u00e7a do Empres\u00e1rio do Com\u00e9rcio (Icec), da CNC\u00a0 O \u00cdndice de Confian\u00e7a do Empres\u00e1rio do Com\u00e9rcio (Icec), apurado pela Confedera\u00e7\u00e3o Nacional do Com\u00e9rcio de Bens, Servi\u00e7os e Turismo (CNC), atingiu 113,2<br \/><a href=\"http:\/\/fecomercio-pe.com.br\/site\/confianca-do-comercio-tem-alta-de-33-em-relacao-a-janeiro\/\" class=\"more\">Read more<\/a><\/p>\n","protected":false},"author":4,"featured_media":4985,"comment_status":"open","ping_status":"open","sticky":false,"template":"","format":"standard","meta":{"footnotes":""},"categories":[3],"tags":[],"_links":{"self":[{"href":"http:\/\/fecomercio-pe.com.br\/site\/wp-json\/wp\/v2\/posts\/4984"}],"collection":[{"href":"http:\/\/fecomercio-pe.com.br\/site\/wp-json\/wp\/v2\/posts"}],"about":[{"href":"http:\/\/fecomercio-pe.com.br\/site\/wp-json\/wp\/v2\/types\/post"}],"author":[{"embeddable":true,"href":"http:\/\/fecomercio-pe.com.br\/site\/wp-json\/wp\/v2\/users\/4"}],"replies":[{"embeddable":true,"href":"http:\/\/fecomercio-pe.com.br\/site\/wp-json\/wp\/v2\/comments?post=4984"}],"version-history":[{"count":1,"href":"http:\/\/fecomercio-pe.com.br\/site\/wp-json\/wp\/v2\/posts\/4984\/revisions"}],"predecessor-version":[{"id":4986,"href":"http:\/\/fecomercio-pe.com.br\/site\/wp-json\/wp\/v2\/posts\/4984\/revisions\/4986"}],"wp:featuredmedia":[{"embeddable":true,"href":"http:\/\/fecomercio-pe.com.br\/site\/wp-json\/wp\/v2\/media\/4985"}],"wp:attachment":[{"href":"http:\/\/fecomercio-pe.com.br\/site\/wp-json\/wp\/v2\/media?parent=4984"}],"wp:term":[{"taxonomy":"category","embeddable":true,"href":"http:\/\/fecomercio-pe.com.br\/site\/wp-json\/wp\/v2\/categories?post=4984"},{"taxonomy":"post_tag","embeddable":true,"href":"http:\/\/fecomercio-pe.com.br\/site\/wp-json\/wp\/v2\/tags?post=4984"}],"curies":[{"name":"wp","href":"https:\/\/api.w.org\/{rel}","templated":true}]}}