{"id":4975,"date":"2018-02-26T12:09:11","date_gmt":"2018-02-26T15:09:11","guid":{"rendered":"http:\/\/fecomercio-pe.com.br\/site\/?p=4975"},"modified":"2018-02-26T12:09:11","modified_gmt":"2018-02-26T15:09:11","slug":"reforma-trabalhista-e-tema-de-forum-de-debates-do-instituto-fecomercio-pe","status":"publish","type":"post","link":"http:\/\/fecomercio-pe.com.br\/site\/reforma-trabalhista-e-tema-de-forum-de-debates-do-instituto-fecomercio-pe\/","title":{"rendered":"Reforma Trabalhista \u00e9 tema de F\u00f3rum de Debates do Instituto Fecom\u00e9rcio-PE"},"content":{"rendered":"<p><i>O evento \u00e9 gratuito e est\u00e1 com as inscri\u00e7\u00f5es abertas\u00a0<\/i><\/p>\n<p class=\"m_3286150294795406342m-7047156659706875008xmsonormal\">Apesar de estar em vig\u00eancia desde novembro do ano passado, a Reforma Trabalhista ainda gera muitas d\u00favidas entre os brasileiros em rela\u00e7\u00e3o ao que mudou com a Lei 13.467. Pensando nisso, o Instituto Fecom\u00e9rcio-PE realiza, em parceria com o Sebrae Pernambuco e o Sindicato do Com\u00e9rcio Varejista de Catende, Palmares e \u00c1gua Preta, o F\u00f3rum de Debates: A Reforma Trabalhista e seus impactos. O evento acontece no dia 1\u00ba de mar\u00e7o, na cidade de Palmares, e tem como p\u00fablico-alvo dirigentes sindicais, empres\u00e1rios, advogados, contadores e gestores de recursos humanos.\u00a0<u><\/u><u><\/u><\/p>\n<p class=\"m_3286150294795406342m-7047156659706875008xmsonormal\">De acordo com o consultor jur\u00eddico da Fecom\u00e9rcio-PE, Jos\u00e9 Almeida, \u00e9 importante atualizar as pessoas em rela\u00e7\u00e3o \u00e0 reforma, principalmente com o recorde hist\u00f3rico de emendas \u00e0 Medida Provis\u00f3ria n\u00ba 808\/2017. \u201c\u00c9 fundamental que as entidades sindicais procurem adequar seus instrumentos coletivos de trabalho, fazendo o cotejamento das cl\u00e1usulas vigentes, considerando a possibilidade de exclus\u00f5es e inclus\u00f5es de cl\u00e1usulas, que atendam os interesses dos segmentos empresariais\u201d, pontua Almeida.\u00a0<u><\/u><u><\/u><\/p>\n<p class=\"m_3286150294795406342m-7047156659706875008xmsonormal\">As inscri\u00e7\u00f5es podem ser feitas atrav\u00e9s do site da Fecom\u00e9rcio-PE e s\u00e3o gratuitas. O f\u00f3rum de debates acontece na Associa\u00e7\u00e3o Comercial e Empresarial de Palmares (Acep), a partir das 19h, e s\u00e3o esperados cerca de 100 participantes para discutir sobre a reforma e seus impactos na din\u00e2mica de trabalho.\u00a0<u><\/u><u><\/u><\/p>\n<p class=\"m_3286150294795406342m-7047156659706875008xmsonormal\"><b>PROGRAMA\u00c7\u00c3O:<\/b><u><\/u><u><\/u><\/p>\n<p class=\"m_3286150294795406342m-7047156659706875008xmsonormal\">18h \u2013 Credenciamento<br \/>\n19h \u2013 Abertura<br \/>\n19h30 \u2013 A Reforma Trabalhista e seus Impactos &#8211; Jos\u00e9 Almeida, consultor jur\u00eddico da Fecom\u00e9rcio-PE<br \/>\n20h30 \u2013 Painel de debates<br \/>\n21h \u2013 Encerramento\u00a0<u><\/u><u><\/u><\/p>\n<p class=\"m_3286150294795406342m-7047156659706875008xmsonormal\"><b>SERVI\u00c7O:<\/b><u><\/u><u><\/u><\/p>\n<p class=\"m_3286150294795406342m-7047156659706875008xmsonormal\">F\u00f3rum de Debates: A Reforma Trabalhista e seus Impactos<br \/>\nData: 1\u00ba de mar\u00e7o<br \/>\nHor\u00e1rio: 19h<br \/>\nLocal: Associa\u00e7\u00e3o Comercial e Empresarial de Palmares (Acep) &#8211;\u00a0<a href=\"https:\/\/maps.google.com\/?q=Rua+da+Aurora,+976&amp;entry=gmail&amp;source=g\" target=\"_blank\" rel=\"noopener\" data-saferedirecturl=\"https:\/\/www.google.com\/url?hl=pt-BR&amp;q=https:\/\/maps.google.com\/?q%3DRua%2Bda%2BAurora,%2B976%26entry%3Dgmail%26source%3Dg&amp;source=gmail&amp;ust=1519743447284000&amp;usg=AFQjCNH3oI3kAvYmrJDLxLp0cjjsVuJcgQ\">Rua da Aurora, 976,<\/a>\u00a0Centro, Palmares-PE<br \/>\nInscri\u00e7\u00f5es:\u00a0<a id=\"m_3286150294795406342m_-7047156659706875008LPlnk535954\" href=\"http:\/\/www.fecomercio-pe.com\/\" target=\"_blank\" rel=\"noopener\" data-saferedirecturl=\"https:\/\/www.google.com\/url?hl=pt-BR&amp;q=http:\/\/www.fecomercio-pe.com&amp;source=gmail&amp;ust=1519743447284000&amp;usg=AFQjCNEFYkf1mlKkwp5AEW4shxvoozxYAg\">www.fecomercio-pe.com.br<\/a><br \/>\nInforma\u00e7\u00f5es: (81) 3231-6175 ou pelo e-mail\u00a0<a href=\"mailto:forumdedebates@fecomercio-pe.com\" target=\"_blank\" rel=\"noopener\">forumdedebates@fecomercio-pe.<wbr \/>com<\/a><\/p>\n","protected":false},"excerpt":{"rendered":"<p>O evento \u00e9 gratuito e est\u00e1 com as inscri\u00e7\u00f5es abertas\u00a0 Apesar de estar em vig\u00eancia desde novembro do ano passado, a Reforma Trabalhista ainda gera muitas d\u00favidas entre os brasileiros em rela\u00e7\u00e3o ao que mudou com a Lei 13.467. Pensando nisso, o Instituto Fecom\u00e9rcio-PE realiza, em parceria com o Sebrae Pernambuco e o Sindicato do<br \/><a href=\"http:\/\/fecomercio-pe.com.br\/site\/reforma-trabalhista-e-tema-de-forum-de-debates-do-instituto-fecomercio-pe\/\" class=\"more\">Read more<\/a><\/p>\n","protected":false},"author":4,"featured_media":4976,"comment_status":"open","ping_status":"open","sticky":false,"template":"","format":"standard","meta":{"footnotes":""},"categories":[3],"tags":[],"_links":{"self":[{"href":"http:\/\/fecomercio-pe.com.br\/site\/wp-json\/wp\/v2\/posts\/4975"}],"collection":[{"href":"http:\/\/fecomercio-pe.com.br\/site\/wp-json\/wp\/v2\/posts"}],"about":[{"href":"http:\/\/fecomercio-pe.com.br\/site\/wp-json\/wp\/v2\/types\/post"}],"author":[{"embeddable":true,"href":"http:\/\/fecomercio-pe.com.br\/site\/wp-json\/wp\/v2\/users\/4"}],"replies":[{"embeddable":true,"href":"http:\/\/fecomercio-pe.com.br\/site\/wp-json\/wp\/v2\/comments?post=4975"}],"version-history":[{"count":1,"href":"http:\/\/fecomercio-pe.com.br\/site\/wp-json\/wp\/v2\/posts\/4975\/revisions"}],"predecessor-version":[{"id":4977,"href":"http:\/\/fecomercio-pe.com.br\/site\/wp-json\/wp\/v2\/posts\/4975\/revisions\/4977"}],"wp:featuredmedia":[{"embeddable":true,"href":"http:\/\/fecomercio-pe.com.br\/site\/wp-json\/wp\/v2\/media\/4976"}],"wp:attachment":[{"href":"http:\/\/fecomercio-pe.com.br\/site\/wp-json\/wp\/v2\/media?parent=4975"}],"wp:term":[{"taxonomy":"category","embeddable":true,"href":"http:\/\/fecomercio-pe.com.br\/site\/wp-json\/wp\/v2\/categories?post=4975"},{"taxonomy":"post_tag","embeddable":true,"href":"http:\/\/fecomercio-pe.com.br\/site\/wp-json\/wp\/v2\/tags?post=4975"}],"curies":[{"name":"wp","href":"https:\/\/api.w.org\/{rel}","templated":true}]}}