{"id":4893,"date":"2018-01-31T10:06:25","date_gmt":"2018-01-31T13:06:25","guid":{"rendered":"http:\/\/fecomercio-pe.com.br\/site\/?p=4893"},"modified":"2018-01-31T10:08:36","modified_gmt":"2018-01-31T13:08:36","slug":"a-folia-alem-de-recife-e-olinda","status":"publish","type":"post","link":"http:\/\/fecomercio-pe.com.br\/site\/a-folia-alem-de-recife-e-olinda\/","title":{"rendered":"A folia al\u00e9m de Recife e Olinda"},"content":{"rendered":"<p><em>O carnaval pernambucano conta com op\u00e7\u00f5es em v\u00e1rias cidades para quem quer curtir a festa fora dos polos mais conhecidos<\/em><\/p>\n<p>O Carnaval chega mais cedo em 2018, logo na segunda semana de fevereiro. E quem preferir uma programa\u00e7\u00e3o fora dos principais focos da festa pernambucana, vai encontrar, entre os dias 10 a 12, express\u00f5es do canavial ao Sert\u00e3o. Rico pela cultura popular, o evento \u00e9 uma oportunidade para conhecer o maracatu rural na sua ess\u00eancia, caboclinhos, personagens como caiporas e caretas, papangus, bonecos e uma cole\u00e7\u00e3o de melodias, trajes, brilhos e cores da mistura \u00e9tnica pernambucana.<\/p>\n<p>Saindo do Recife pela BR 408, s\u00e3o 60 quil\u00f4metros de asfalto at\u00e9 chegar a Nazar\u00e9 da Mata, reduto do tradicional Encontro de Maracatu Rural na segunda-feira de Carnaval. Em 2018, o Cambinda Brasileira, um dos grupos mais resistentes do Estado, completar\u00e1 100 anos de cria\u00e7\u00e3o. Com sede no Engenho Cumbe, pode ser acompanhado de perto, da arruma\u00e7\u00e3o \u00e0 apresenta\u00e7\u00e3o pelas ruas e ladeiras de Nazar\u00e9.<\/p>\n<p>A trajet\u00f3ria do Cambinda \u00e9 retratada no projeto N\u00e3o Deixe o Brinquedo Morrer, pesquisa que resgata a mem\u00f3ria em texto e audiovisual, assinada pelos jornalistas Adriana Guarda e Heudes R\u00e9gis. Pode ser acessada em <a href=\"https:\/\/naodeixemobrinquedomorrer.wordpress.com\" rel=\"noopener\" target=\"_blank\">naodeixemobrinquedomorrer.wordpress.com<\/a>.<\/p>\n<p>Nazar\u00e9 tem dois servi\u00e7os para hospedagem, mas a proximidade com a capital permite que o espectador possa se deslocar sob os primeiros raios de sol e retornar \u00e0 noite ao Recife ou prosseguir viagem pelo interior.<\/p>\n<p>\u201cTemos 17 grupos radicados em Nazar\u00e9, mas no Carnaval recebemos mais de 80 maracatus de baque solto\u201d, conta o secret\u00e1rio municipal de Turismo, Fl\u00e1vio Nicetas. O maracatu centen\u00e1rio, explica, \u00e9 a prova de quanto os brincantes n\u00e3o deixam morrer a tradi\u00e7\u00e3o, iniciada e mantida por trabalhadores da palha da cana, que usam as m\u00e3os calejadas para fazer um fino bordado de suas golas brilhantes.<\/p>\n<p>Quem chegar bem cedinho, j\u00e1 no domingo, 10 de fevereiro, vai encontrar a entrada da cidade tomada de caboclos de lan\u00e7a, baianas e de outros personagens coloridos. Esse espet\u00e1culo que d\u00e1 a Nazar\u00e9 o t\u00edtulo de terra dos maracatus n\u00e3o<br \/>\n\u00e9 o \u00fanico do munic\u00edpio canavieiro. O Centro da cidade, pelos arredores da catedral, na Pra\u00e7a Jo\u00e3o XXIII, vai ganhando ao longo do dia outros acordes. Quem gosta de frevo, pode fazer o passo com as orquestras Capa Bode e Revoltosa, por exemplo, marcas da hist\u00f3ria local. O passeio a Nazar\u00e9 exige uma passagem pela vizinha Alian\u00e7a, outro endere\u00e7o do baque solto.<\/p>\n<p>Tamb\u00e9m na Mata Norte, mas na proximidade com o limite do Estado com a Para\u00edba, entram em cena outros brincantes: os caboclinhos, que bailam ao som de instrumentos de percuss\u00e3o. Goiana, que re\u00fane a maior parte deles, \u00e9 a express\u00e3o mais forte dessa cultura afro-ind\u00edgena. A dist\u00e2ncia da capital, pela BR-101 Norte, tamb\u00e9m \u00e9 de 60 quil\u00f4metros.<\/p>\n<p>No Agreste, precisamente em Bezerros, a brincadeira principal \u00e9 comandada por um mascarado que sai pedindo angu (mingau de milho) de porta em porta. A terra dos Papangus ganha ares da folia da capital e de Olinda, tamanha a multid\u00e3o que recebe nos tr\u00eas dias de festa. L\u00e1, ali\u00e1s, a folia come\u00e7a bem cedo. O primeiro grito de Carnaval ser\u00e1 no dia 1\u00ba de janeiro, informa a prefeitura. A concentra\u00e7\u00e3o ser\u00e1 na Rua Coronel Bezerra, seguindo at\u00e9 a Avenida Ot\u00e1vio Pessoa Souto Maior (Avenida do F\u00f3rum). Para chegar no munic\u00edpio, a BR-232 \u00e9 o caminho.<\/p>\n<p>O roteiro at\u00e9 o Sert\u00e3o exige parada em Pesqueira, no Agreste, a vers\u00e3o interiorana do Carnaval recifense, pela multiplicidade de tro\u00e7as que tomam as ruas a semana inteira. Bumba-meu-boi, blocos e caiporas animam os foli\u00f5es, predominantemente ao som de frevo. Por outros atrativos tur\u00edsticos, a cidade tem tamb\u00e9m sua rede hoteleira com ocupa\u00e7\u00e3o m\u00e1xima durante as festas. Em Salgueiro, a 500 quil\u00f4metros da capital, a atra\u00e7\u00e3o \u00e9 a Bicharada do mestre Jaime. O artes\u00e3o coloca seus bonecos na rua para levantar a poeira. J\u00e1 os Caretas d\u00e3o o ar misterioso do Carnaval da bela Triunfo, no Paje\u00fa, onde h\u00e1 motivos de sobra, pela paisagem, culin\u00e1ria e rede hoteleira, para o turista se refazer da folia e recarregar o \u00e2nimo para retornar ou adentrar at\u00e9 o extremo do Estado e conhecer a festa em Petrolina, banhada pelas \u00e1guas do Rio S\u00e3o Francisco.<\/p>\n<p>A multiplicidade de express\u00f5es e uma programa\u00e7\u00e3o especial com shows e outros atrativos atra\u00edram no Carnaval de 2017 um milh\u00e3o e meio de turistas para Pernambuco, calcula a Empresa Pernambucana de Turismo (Empetur). A visita\u00e7\u00e3o movimentou uma receita estimada em R$1,2 bilh\u00e3o, 2,7% acima do que foi movimentado em 2016. A expectativa agora \u00e9 superar essas marcas em 2018.<\/p>\n","protected":false},"excerpt":{"rendered":"<p>O carnaval pernambucano conta com op\u00e7\u00f5es em v\u00e1rias cidades para quem quer curtir a festa fora dos polos mais conhecidos O Carnaval chega mais cedo em 2018, logo na segunda semana de fevereiro. E quem preferir uma programa\u00e7\u00e3o fora dos principais focos da festa pernambucana, vai encontrar, entre os dias 10 a 12, express\u00f5es do<br \/><a href=\"http:\/\/fecomercio-pe.com.br\/site\/a-folia-alem-de-recife-e-olinda\/\" class=\"more\">Read more<\/a><\/p>\n","protected":false},"author":1,"featured_media":4894,"comment_status":"open","ping_status":"open","sticky":false,"template":"","format":"standard","meta":{"footnotes":""},"categories":[3],"tags":[],"_links":{"self":[{"href":"http:\/\/fecomercio-pe.com.br\/site\/wp-json\/wp\/v2\/posts\/4893"}],"collection":[{"href":"http:\/\/fecomercio-pe.com.br\/site\/wp-json\/wp\/v2\/posts"}],"about":[{"href":"http:\/\/fecomercio-pe.com.br\/site\/wp-json\/wp\/v2\/types\/post"}],"author":[{"embeddable":true,"href":"http:\/\/fecomercio-pe.com.br\/site\/wp-json\/wp\/v2\/users\/1"}],"replies":[{"embeddable":true,"href":"http:\/\/fecomercio-pe.com.br\/site\/wp-json\/wp\/v2\/comments?post=4893"}],"version-history":[{"count":2,"href":"http:\/\/fecomercio-pe.com.br\/site\/wp-json\/wp\/v2\/posts\/4893\/revisions"}],"predecessor-version":[{"id":4896,"href":"http:\/\/fecomercio-pe.com.br\/site\/wp-json\/wp\/v2\/posts\/4893\/revisions\/4896"}],"wp:featuredmedia":[{"embeddable":true,"href":"http:\/\/fecomercio-pe.com.br\/site\/wp-json\/wp\/v2\/media\/4894"}],"wp:attachment":[{"href":"http:\/\/fecomercio-pe.com.br\/site\/wp-json\/wp\/v2\/media?parent=4893"}],"wp:term":[{"taxonomy":"category","embeddable":true,"href":"http:\/\/fecomercio-pe.com.br\/site\/wp-json\/wp\/v2\/categories?post=4893"},{"taxonomy":"post_tag","embeddable":true,"href":"http:\/\/fecomercio-pe.com.br\/site\/wp-json\/wp\/v2\/tags?post=4893"}],"curies":[{"name":"wp","href":"https:\/\/api.w.org\/{rel}","templated":true}]}}