{"id":4465,"date":"2017-09-25T14:44:55","date_gmt":"2017-09-25T14:44:55","guid":{"rendered":"http:\/\/fecomercio-pe.com.br\/site\/?p=4465"},"modified":"2017-09-25T14:44:55","modified_gmt":"2017-09-25T14:44:55","slug":"serra-talhada-e-petrolina-recebem-forum-de-debates-sobre-reforma-trabalhista","status":"publish","type":"post","link":"http:\/\/fecomercio-pe.com.br\/site\/serra-talhada-e-petrolina-recebem-forum-de-debates-sobre-reforma-trabalhista\/","title":{"rendered":"Serra Talhada e Petrolina recebem F\u00f3rum de Debates sobre Reforma Trabalhista"},"content":{"rendered":"<p>Manter-se informado e pronto para o desenvolvimento do setor empresarial \u00e9 sempre um desafio, principalmente no atual contexto econ\u00f4mico brasileiro. Para esclarecer algumas d\u00favidas sobre como ser\u00e3o as rela\u00e7\u00f5es empregat\u00edcias com a nova proposta de Reforma de Trabalho, a\u00a0 Fecom\u00e9rcio-PE, em parceria com o Sebrae\/PE, realiza o\u00a0F\u00f3rum de Debates: Moderniza\u00e7\u00e3o dos Neg\u00f3cios \u2013 Reforma Trabalhista e Tend\u00eancias no Atendimento.\u00a0O evento acontece no dia 27 de setembro, no audit\u00f3rio da CDL de Serra Talhada, e 28 no Senac de Petrolina. A entrada \u00e9\u00a01kg de alimento n\u00e3o perec\u00edvel.<\/p>\n<p>O objetivo do evento \u00e9 contribuir para a informa\u00e7\u00e3o,\u00a0apresentando uma an\u00e1lise das principais\u00a0mudan\u00e7as\u00a0nas rela\u00e7\u00f5es de trabalho e as tend\u00eancias atuais.\u00a0\u201cImportantes reformas v\u00eam modificando as rela\u00e7\u00f5es entre as empresas e empregados e, nesse sentido, a Fecom\u00e9rcio Pernambuco, o SEBRAE e\u00a0SINCOPE\u00c7AS ir\u00e3o reunir empres\u00e1rio para\u00a0apresentar uma an\u00e1lise das principais moderniza\u00e7\u00f5es nas rela\u00e7\u00f5es de trabalho e o impacto destas altera\u00e7\u00f5es no dia a dia das empresas\u201d, explica a diretora executiva do Instituto Fecom\u00e9rcio-PE, Brena Castelo Branco.<\/p>\n<p>O evento acontece tamb\u00e9m hoje e amanh\u00e3, no Recife. De acordo com a diretora, \u00e9 importante levar os F\u00f3runs de Debate tamb\u00e9m para o Sert\u00e3o do Estado. \u201cA interioriza\u00e7\u00e3o tem sido uma busca constante nas a\u00e7\u00f5es do Instituto Fecom\u00e9rcio e tem como foco oportunizar condi\u00e7\u00f5es de desenvolvimento de maneira igualit\u00e1ria aos empres\u00e1rios de todas as regi\u00f5es do nosso Estado. No per\u00edodo recente, a economia de Serra Talhada experimentou uma fase de intenso crescimento, em ritmo superior \u00e0 m\u00e9dia do estado de Pernambuco. Da mesma forma Petrolina, que al\u00e9m de se destacar como importante polo de agricultura e em diversos momentos apresentando \u00edndices na contram\u00e3o da crise, com gera\u00e7\u00e3o de empregos, tamb\u00e9m come\u00e7a a tornar-se um verdadeiro polo para as fontes de energias renov\u00e1veis do Pa\u00eds\u201d, comenta.<\/p>\n<p>A programa\u00e7\u00e3o conta com a palestra sobre a Reforma Trabalhista realizada pelo consultor da presid\u00eancia da Fecom\u00e9rcio-PE, o advogado Jos\u00e9 Almeida de Queiroz, al\u00e9m de painel de debate. \u00a0Para se inscrever, basta acessar o link:\u00a0<a href=\"http:\/\/eventos.fecomercio-pe.com.br\/forum-de-debates\/reforma-trabalhista\/recife-trabalhista\" data-saferedirecturl=\"https:\/\/www.google.com\/url?hl=pt-BR&amp;q=http:\/\/eventos.fecomercio-pe.com.br\/forum-de-debates\/reforma-trabalhista\/recife-trabalhista&amp;source=gmail&amp;ust=1506434565422000&amp;usg=AFQjCNGWL1w0qDEhIX8TgKyF1fJwYI8jKA\">http:\/\/eventos.fecomercio-pe.com.br\/forum-de-debates\/reforma-trabalhista\/recife-trabalhista<\/a>\u00a0e preencher o formul\u00e1rio do evento.<\/p>\n<p><strong>Programa\u00e7\u00e3o:<\/strong><\/p>\n<p>18h \u2013 Credenciamento<br \/>\n19h \u2013 Abertura<br \/>\n19h30 \u2013 Palestra Reforma Trabalhista<br \/>\n21h \u2013 Painel de Debate<br \/>\n21h30 \u2013 Encerramento<\/p>\n<p><strong>Servi\u00e7o:<\/strong><\/p>\n<p>Data: 27\/09\/2017<br \/>\nHor\u00e1rio: Das 18h \u00e0s 22h<br \/>\nLocal: Audit\u00f3rio da Sindicom e CDL \u2013 R. Cirilo Xavier de Morais, n\u00aa 503, Nossa Senhora da Penha, Serra Talhada &#8211; PE<\/p>\n<p>Data: 28\/09\/2017<br \/>\nHor\u00e1rio: Das 18h \u00e0s 22h<br \/>\nLocal: Senac Petrolina \u2013 R. Projetada, n\u00aa 650, Maria Auxiliadora, Petrolina \u2013 PE<br \/>\nInforma\u00e7\u00f5es: (81) 3231 6175 ou pelo e-mail\u00a0<a href=\"mailto:forumdedebates@fecomercio-pe.com\">forumdedebates@fecomercio-pe.com<\/a><br \/>\nEntrada: 1kg de alimento n\u00e3o perec\u00edvel<br \/>\nInscri\u00e7\u00f5es:\u00a0<a href=\"http:\/\/www.fecomercio-pe.com.br\/\" data-saferedirecturl=\"https:\/\/www.google.com\/url?hl=pt-BR&amp;q=http:\/\/www.fecomercio-pe.com.br&amp;source=gmail&amp;ust=1506434565422000&amp;usg=AFQjCNHfTz5O8s4HpSpNtZA0BnacbMfNRg\">www.fecomercio-pe.com.br<\/a><\/p>\n<p>&nbsp;<\/p>\n","protected":false},"excerpt":{"rendered":"<p>Manter-se informado e pronto para o desenvolvimento do setor empresarial \u00e9 sempre um desafio, principalmente no atual contexto econ\u00f4mico brasileiro. Para esclarecer algumas d\u00favidas sobre como ser\u00e3o as rela\u00e7\u00f5es empregat\u00edcias com a nova proposta de Reforma de Trabalho, a\u00a0 Fecom\u00e9rcio-PE, em parceria com o Sebrae\/PE, realiza o\u00a0F\u00f3rum de Debates: Moderniza\u00e7\u00e3o dos Neg\u00f3cios \u2013 Reforma Trabalhista<br \/><a href=\"http:\/\/fecomercio-pe.com.br\/site\/serra-talhada-e-petrolina-recebem-forum-de-debates-sobre-reforma-trabalhista\/\" class=\"more\">Read more<\/a><\/p>\n","protected":false},"author":4,"featured_media":4401,"comment_status":"open","ping_status":"open","sticky":false,"template":"","format":"standard","meta":{"footnotes":""},"categories":[3],"tags":[],"_links":{"self":[{"href":"http:\/\/fecomercio-pe.com.br\/site\/wp-json\/wp\/v2\/posts\/4465"}],"collection":[{"href":"http:\/\/fecomercio-pe.com.br\/site\/wp-json\/wp\/v2\/posts"}],"about":[{"href":"http:\/\/fecomercio-pe.com.br\/site\/wp-json\/wp\/v2\/types\/post"}],"author":[{"embeddable":true,"href":"http:\/\/fecomercio-pe.com.br\/site\/wp-json\/wp\/v2\/users\/4"}],"replies":[{"embeddable":true,"href":"http:\/\/fecomercio-pe.com.br\/site\/wp-json\/wp\/v2\/comments?post=4465"}],"version-history":[{"count":1,"href":"http:\/\/fecomercio-pe.com.br\/site\/wp-json\/wp\/v2\/posts\/4465\/revisions"}],"predecessor-version":[{"id":4466,"href":"http:\/\/fecomercio-pe.com.br\/site\/wp-json\/wp\/v2\/posts\/4465\/revisions\/4466"}],"wp:featuredmedia":[{"embeddable":true,"href":"http:\/\/fecomercio-pe.com.br\/site\/wp-json\/wp\/v2\/media\/4401"}],"wp:attachment":[{"href":"http:\/\/fecomercio-pe.com.br\/site\/wp-json\/wp\/v2\/media?parent=4465"}],"wp:term":[{"taxonomy":"category","embeddable":true,"href":"http:\/\/fecomercio-pe.com.br\/site\/wp-json\/wp\/v2\/categories?post=4465"},{"taxonomy":"post_tag","embeddable":true,"href":"http:\/\/fecomercio-pe.com.br\/site\/wp-json\/wp\/v2\/tags?post=4465"}],"curies":[{"name":"wp","href":"https:\/\/api.w.org\/{rel}","templated":true}]}}