{"id":4462,"date":"2017-09-25T11:28:53","date_gmt":"2017-09-25T11:28:53","guid":{"rendered":"http:\/\/fecomercio-pe.com.br\/site\/?p=4462"},"modified":"2017-09-25T11:28:53","modified_gmt":"2017-09-25T11:28:53","slug":"rossandro-klinjey-encerra-xv-congresso-internacional-de-tecnologia-na-educacao","status":"publish","type":"post","link":"http:\/\/fecomercio-pe.com.br\/site\/rossandro-klinjey-encerra-xv-congresso-internacional-de-tecnologia-na-educacao\/","title":{"rendered":"Rossandro Klinjey encerra XV Congresso Internacional de Tecnologia na Educa\u00e7\u00e3o"},"content":{"rendered":"<p>Gargalhadas, autorreflex\u00e3o, euforia, musicalidade e l\u00e1grimas. Foi esse o conjunto de sensa\u00e7\u00f5es que deu o tom do encerramento (em grande estilo) do XV Congresso Internacional de Tecnologia na Educa\u00e7\u00e3o, na tarde desta sexta-feira (22), com a palestra \u201cSe amando como educador: a import\u00e2ncia da autoestima na preven\u00e7\u00e3o de doen\u00e7as e na qualidade de vida\u201d, comandada pelo psic\u00f3logo paraibano Rossandro Klinjey.<\/p>\n<p>Para o escritor, o atual contexto social-hist\u00f3rico em que vivemos, ancorado no conceito de modernidade l\u00edquida, traz consigo elementos que comprometem a sa\u00fade mental do ser humano, inviabilizando uma qualidade de vida para si e para os outros. \u201cMuito mais do que transmissor de conhecimento, n\u00f3s, professores, somos instrumento de relacionamento com os alunos. Se tivermos uma postura negativa sobre n\u00f3s e nossa profiss\u00e3o, n\u00e3o conseguiremos explorar todo o potencial e conhecimento para exercermos o nosso papel\u201d.<\/p>\n<p>Mas como virar o jogo, garantido um bem-estar para si e para quem nos relacionamos? Reconhecer nossas fragilidades e acreditar em si como ser humano, evitando compara\u00e7\u00f5es com os outros. \u201cSomos o resultado das expectativas que temos de n\u00f3s mesmos e do quanto acreditamos em nosso potencial. Existe uma dignidade naquilo que somos que \u00e9 apagada quando tentamos ser o que os outros s\u00e3o. Esse sentimento de compara\u00e7\u00e3o nos deixa infelizes\u201d.<\/p>\n<p>Outros aspectos a serem desenvolvidos s\u00e3o o ato de perdoar, n\u00e3o guardando ressentimentos, e de ser grato \u00e0queles que passaram por nossas vidas, ofertando um repert\u00f3rio de experi\u00eancias que nos engrandecem enquanto seres humanos. \u201cS\u00f3 um sentimento pode superar a dor da separa\u00e7\u00e3o, a gratid\u00e3o. Agradecer \u00e0s pessoas sem as quais n\u00e3o ser\u00edamos quem somos. \u00c9 da necessidade de mudan\u00e7a dessas realidades que emerge a import\u00e2ncia do amor pr\u00f3prio na constru\u00e7\u00e3o de um ser humano saud\u00e1vel e de um profissional capaz\u201d, concluiu antes de se despedir, arrancando de mais de 3 mil crongressitas aquele \u201cahhh\u201d caracter\u00edstico de quando uma boa palestra termina.<\/p>\n","protected":false},"excerpt":{"rendered":"<p>Gargalhadas, autorreflex\u00e3o, euforia, musicalidade e l\u00e1grimas. Foi esse o conjunto de sensa\u00e7\u00f5es que deu o tom do encerramento (em grande estilo) do XV Congresso Internacional de Tecnologia na Educa\u00e7\u00e3o, na tarde desta sexta-feira (22), com a palestra \u201cSe amando como educador: a import\u00e2ncia da autoestima na preven\u00e7\u00e3o de doen\u00e7as e na qualidade de vida\u201d, comandada<br \/><a href=\"http:\/\/fecomercio-pe.com.br\/site\/rossandro-klinjey-encerra-xv-congresso-internacional-de-tecnologia-na-educacao\/\" class=\"more\">Read more<\/a><\/p>\n","protected":false},"author":4,"featured_media":4463,"comment_status":"open","ping_status":"open","sticky":false,"template":"","format":"standard","meta":{"footnotes":""},"categories":[3],"tags":[],"_links":{"self":[{"href":"http:\/\/fecomercio-pe.com.br\/site\/wp-json\/wp\/v2\/posts\/4462"}],"collection":[{"href":"http:\/\/fecomercio-pe.com.br\/site\/wp-json\/wp\/v2\/posts"}],"about":[{"href":"http:\/\/fecomercio-pe.com.br\/site\/wp-json\/wp\/v2\/types\/post"}],"author":[{"embeddable":true,"href":"http:\/\/fecomercio-pe.com.br\/site\/wp-json\/wp\/v2\/users\/4"}],"replies":[{"embeddable":true,"href":"http:\/\/fecomercio-pe.com.br\/site\/wp-json\/wp\/v2\/comments?post=4462"}],"version-history":[{"count":1,"href":"http:\/\/fecomercio-pe.com.br\/site\/wp-json\/wp\/v2\/posts\/4462\/revisions"}],"predecessor-version":[{"id":4464,"href":"http:\/\/fecomercio-pe.com.br\/site\/wp-json\/wp\/v2\/posts\/4462\/revisions\/4464"}],"wp:featuredmedia":[{"embeddable":true,"href":"http:\/\/fecomercio-pe.com.br\/site\/wp-json\/wp\/v2\/media\/4463"}],"wp:attachment":[{"href":"http:\/\/fecomercio-pe.com.br\/site\/wp-json\/wp\/v2\/media?parent=4462"}],"wp:term":[{"taxonomy":"category","embeddable":true,"href":"http:\/\/fecomercio-pe.com.br\/site\/wp-json\/wp\/v2\/categories?post=4462"},{"taxonomy":"post_tag","embeddable":true,"href":"http:\/\/fecomercio-pe.com.br\/site\/wp-json\/wp\/v2\/tags?post=4462"}],"curies":[{"name":"wp","href":"https:\/\/api.w.org\/{rel}","templated":true}]}}