{"id":4459,"date":"2017-09-22T17:33:25","date_gmt":"2017-09-22T17:33:25","guid":{"rendered":"http:\/\/fecomercio-pe.com.br\/site\/?p=4459"},"modified":"2017-09-22T17:33:25","modified_gmt":"2017-09-22T17:33:25","slug":"a-reforma-do-ensino-medio","status":"publish","type":"post","link":"http:\/\/fecomercio-pe.com.br\/site\/a-reforma-do-ensino-medio\/","title":{"rendered":"A reforma do Ensino M\u00e9dio"},"content":{"rendered":"<p>O atual sistema de ensino e os \u00edndices prec\u00e1rios de desempenho nas escolas ganharam destaque na palestra do professor Mozart Neves Ramos e do do secret\u00e1rio estadual de Educa\u00e7\u00e3o, Fred Am\u00e2ncio, nesta sexta-feira (22), no XV\u00a0Congresso Internacional de Tecnologia na Educa\u00e7\u00e3o. Eles\u00a0mostraram sua preocupa\u00e7\u00e3o com o baixo aproveitamento dos alunos em disciplinas tradicionais, como Matem\u00e1tica e Portugu\u00eas, e chamaram a aten\u00e7\u00e3o\u00a0para a necessidade de mudan\u00e7a.<\/p>\n<p>\u201cO Brasil tem d\u00e9ficits de aprendizagem preocupantes. Apenas 7% dos alunos absorvem o conte\u00fado de Matem\u00e1tica da forma esperada, e 28% em rela\u00e7\u00e3o \u00e0 L\u00edngua Portuguesa. O Ensino M\u00e9dio \u00e9 engessado, com 13 disciplinas obrigat\u00f3rias, e este sistema precisa ser flexibilizado\u201d, defendeu Mozart. \u201cN\u00e3o devemos trabalhar os alunos pensando no ENEM ou em qualquer outro exame espec\u00edfico. Temos que os preparar\u00a0para a vida, para o sucesso pessoal e profissional, para que eles fa\u00e7am suas escolhas\u201d, emendou.<\/p>\n<p>Por sua vez, Fred Am\u00e2ncio explicou os benef\u00edcios do Novo Ensino M\u00e9dio, reforma que entrar\u00e1 em vigor nos pr\u00f3ximos anos. \u201cSabemos que nosso problema n\u00e3o \u00e9 mais a falta de vagas, pois hoje temos 65 mil vagas ociosas nas escolas p\u00fablicas de Pernambuco.\u00a0O Brasil \u00e9 um dos \u00fanicos pa\u00edses onde o aluno n\u00e3o escolhe as disciplinas que deseja cursar no Ensino M\u00e9dio. Quando oferecemos variados eixos de disciplinas aliadas a um curso t\u00e9cnico, trazemos um sistema mais interessante para o aluno\u201d, declarou Fred.<\/p>\n","protected":false},"excerpt":{"rendered":"<p>O atual sistema de ensino e os \u00edndices prec\u00e1rios de desempenho nas escolas ganharam destaque na palestra do professor Mozart Neves Ramos e do do secret\u00e1rio estadual de Educa\u00e7\u00e3o, Fred Am\u00e2ncio, nesta sexta-feira (22), no XV\u00a0Congresso Internacional de Tecnologia na Educa\u00e7\u00e3o. Eles\u00a0mostraram sua preocupa\u00e7\u00e3o com o baixo aproveitamento dos alunos em disciplinas tradicionais, como Matem\u00e1tica<br \/><a href=\"http:\/\/fecomercio-pe.com.br\/site\/a-reforma-do-ensino-medio\/\" class=\"more\">Read more<\/a><\/p>\n","protected":false},"author":4,"featured_media":4460,"comment_status":"open","ping_status":"open","sticky":false,"template":"","format":"standard","meta":{"footnotes":""},"categories":[3],"tags":[],"_links":{"self":[{"href":"http:\/\/fecomercio-pe.com.br\/site\/wp-json\/wp\/v2\/posts\/4459"}],"collection":[{"href":"http:\/\/fecomercio-pe.com.br\/site\/wp-json\/wp\/v2\/posts"}],"about":[{"href":"http:\/\/fecomercio-pe.com.br\/site\/wp-json\/wp\/v2\/types\/post"}],"author":[{"embeddable":true,"href":"http:\/\/fecomercio-pe.com.br\/site\/wp-json\/wp\/v2\/users\/4"}],"replies":[{"embeddable":true,"href":"http:\/\/fecomercio-pe.com.br\/site\/wp-json\/wp\/v2\/comments?post=4459"}],"version-history":[{"count":1,"href":"http:\/\/fecomercio-pe.com.br\/site\/wp-json\/wp\/v2\/posts\/4459\/revisions"}],"predecessor-version":[{"id":4461,"href":"http:\/\/fecomercio-pe.com.br\/site\/wp-json\/wp\/v2\/posts\/4459\/revisions\/4461"}],"wp:featuredmedia":[{"embeddable":true,"href":"http:\/\/fecomercio-pe.com.br\/site\/wp-json\/wp\/v2\/media\/4460"}],"wp:attachment":[{"href":"http:\/\/fecomercio-pe.com.br\/site\/wp-json\/wp\/v2\/media?parent=4459"}],"wp:term":[{"taxonomy":"category","embeddable":true,"href":"http:\/\/fecomercio-pe.com.br\/site\/wp-json\/wp\/v2\/categories?post=4459"},{"taxonomy":"post_tag","embeddable":true,"href":"http:\/\/fecomercio-pe.com.br\/site\/wp-json\/wp\/v2\/tags?post=4459"}],"curies":[{"name":"wp","href":"https:\/\/api.w.org\/{rel}","templated":true}]}}