{"id":4003,"date":"2017-05-22T19:58:46","date_gmt":"2017-05-22T19:58:46","guid":{"rendered":"http:\/\/fecomercio-pe.com.br\/site\/?p=4003"},"modified":"2017-05-22T19:58:46","modified_gmt":"2017-05-22T19:58:46","slug":"intencao-de-investimentos-no-comercio-registra-maior-alta-anual-em-maio","status":"publish","type":"post","link":"http:\/\/fecomercio-pe.com.br\/site\/intencao-de-investimentos-no-comercio-registra-maior-alta-anual-em-maio\/","title":{"rendered":"Inten\u00e7\u00e3o de investimentos no com\u00e9rcio registra maior alta anual em maio"},"content":{"rendered":"<p>O \u00cdndice de Confian\u00e7a do Empres\u00e1rio do Com\u00e9rcio (Icec), apurado pela Confedera\u00e7\u00e3o Nacional do Com\u00e9rcio de Bens, Servi\u00e7os e Turismo (CNC), atingiu 103 pontos no m\u00eas de maio, firmando-se na zona positiva alcan\u00e7ada no m\u00eas anterior (acima dos 100 pontos da zona de indiferen\u00e7a). Na passagem de abril para maio, o \u00edndice teve aumento de 2,7%, na s\u00e9rie com ajuste sazonal, com altas generalizadas em todos os itens da pesquisa. J\u00e1 na base de compara\u00e7\u00e3o anual, a confian\u00e7a dos comerciantes obteve a maior taxa positiva da s\u00e9rie hist\u00f3rica do indicador (+30%).<\/p>\n<p><span style=\"color: #000000;\">\u201cOs \u00faltimos resultados do \u00edndice mostram que os comerciantes come\u00e7am a enxergar sinais de retomada lenta e gradual das vendas, em um cen\u00e1rio de desempenho mais favor\u00e1vel da atividade do com\u00e9rcio, que esperamos que se consolide na segunda metade de 2017.\u201d, aponta a economista da CNC Izis Ferreira.<\/span><\/p>\n<p><span style=\"color: #000000;\"><strong>Grande avan\u00e7o na avalia\u00e7\u00e3o das condi\u00e7\u00f5es atuais<\/strong><strong><\/p>\n<p><\/strong>O sub\u00edndice da pesquisa que mede a percep\u00e7\u00e3o dos comerciantes sobre as condi\u00e7\u00f5es correntes chegou a 71,3 pontos, um importante aumento de 74,8% na compara\u00e7\u00e3o anual. Em rela\u00e7\u00e3o a abril, a varia\u00e7\u00e3o foi de +7%, com ajuste sazonal.<\/span><\/p>\n<p><span style=\"color: #000000;\">A percep\u00e7\u00e3o dos varejistas quanto \u00e0s condi\u00e7\u00f5es atuais da economia melhorou em maio (+9,4%), assim como em rela\u00e7\u00e3o ao desempenho do com\u00e9rcio (+7,6%) e ao da pr\u00f3pria empresa (+5%).<\/span><\/p>\n<p><span style=\"color: #000000;\">A propor\u00e7\u00e3o de comerciantes que avaliam as condi\u00e7\u00f5es econ\u00f4micas atuais como \u201cpiores\u201d segue em queda. Para 71,2% dos varejistas, a economia piorou em maio, percentual abaixo daquele observado em abril (71,7%) e em maio do ano passado (93,9%).<\/span><\/p>\n<p><span style=\"color: #000000;\">\u201cO desempenho deste sub\u00edndice reflete a desacelera\u00e7\u00e3o no ritmo de contra\u00e7\u00e3o na atividade do com\u00e9rcio. Apesar da queda nas vendas do varejo acima do esperado em mar\u00e7o, apontada pelo IBGE na \u00faltima Pesquisa Mensal do Com\u00e9rcio, na compara\u00e7\u00e3o anual as taxas negativas da evolu\u00e7\u00e3o do volume de vendas v\u00eam perdendo folego\u201d, acrescenta Izis Ferreira.<\/span><br \/>\n<span style=\"color: #000000;\"><strong>Perspectivas<\/strong><strong><\/p>\n<p><\/strong>\u00danico item na zona positiva (acima dos 100 pontos do corte de indiferen\u00e7a), o sub\u00edndice que mede as expectativas do empres\u00e1rio do com\u00e9rcio alcan\u00e7ou 149,2 pontos, alta de 1,8% em rela\u00e7\u00e3o a abril, na s\u00e9rie com ajuste sazonal. Na compara\u00e7\u00e3o anual, o crescimento foi de 22%.<\/span><\/p>\n<p><span style=\"color: #000000;\">A expectativa quanto ao desempenho da economia segue melhorando: na avalia\u00e7\u00e3o de 81,4% dos entrevistados, a economia vai evoluir nos pr\u00f3ximos seis meses.<\/span><br \/>\n<span style=\"color: #000000;\"><strong>Com\u00e9rcio disposto a investir<\/strong><strong><\/p>\n<p><\/strong>Em maio, o sub\u00edndice que mede as condi\u00e7\u00f5es de investimento do com\u00e9rcio registrou aumento de 2,3% na passagem com ajuste sazonal, alcan\u00e7ando 88,5 pontos. Na passagem de abril para maio, aumentaram as inten\u00e7\u00f5es de investimento nas empresas (+3,2%), na contrata\u00e7\u00e3o de funcion\u00e1rios (+2,7%) e em estoques (+1%).<\/span><\/p>\n<p><span style=\"color: #000000;\">Na compara\u00e7\u00e3o anual, o \u00edndice cresceu 18,6%, com destaque para o aumento na inten\u00e7\u00e3o de contrata\u00e7\u00e3o (+32,4%), de investimentos em estoques (+2,8%) e nas empresas (+21,7%).<\/span><\/p>\n<p><span style=\"color: #000000;\">Para 67,4% dos consultados em maio, as inten\u00e7\u00f5es de investimento nas empresas ser\u00e3o menores, percentual abaixo de maio de 2016, quando 75,6% responderam que reduziriam os seus investimentos.<\/span><\/p>\n<p><span style=\"color: #000000;\">De acordo com a CNC, a conjuntura gradualmente mais favor\u00e1vel aos investimentos e os ind\u00edcios de retomada das vendas no varejo estimulam a confian\u00e7a dos comerciantes. Apesar de ainda persistirem algumas incertezas, as vendas do com\u00e9rcio em 2017 devem experimentar melhora, com aumento de 1,5%.<\/span><\/p>\n<p><span style=\"color: #000000;\">O \u00cdndice de Confian\u00e7a do Empres\u00e1rio do Com\u00e9rcio (Icec) detecta as tend\u00eancias do setor, do ponto de vista do empres\u00e1rio. A amostra \u00e9 composta por aproximadamente 6.000 empresas situadas em todas as capitais do Pa\u00eds, e os \u00edndices, apurados mensalmente, apresentam dispers\u00f5es que variam de zero a duzentos pontos.<\/span><br \/>\n<span style=\"color: #000000;\"><a style=\"color: #000000;\" href=\"http:\/\/emkt.cnc.org.br\/emkt\/tracer\/?2,4201541,d51e7a7c,fc4b,1\" data-saferedirecturl=\"https:\/\/www.google.com\/url?hl=pt-BR&amp;q=http:\/\/emkt.cnc.org.br\/emkt\/tracer\/?2,4201541,d51e7a7c,fc4b,1&amp;source=gmail&amp;ust=1495569397111000&amp;usg=AFQjCNFNjaFae3WDmUsN1g2PXyw0a1CBaA\">Acesse a an\u00e1lise completa da Divis\u00e3o Econ\u00f4mica da CNC, os gr\u00e1ficos e a s\u00e9rie hist\u00f3rica do Icec.<\/a><\/span><\/p>\n<p><strong><span style=\"color: #000000;\">Fonte: CNC<\/span><\/strong><\/p>\n","protected":false},"excerpt":{"rendered":"<p>Aus\u00eancia de sinais de recupera\u00e7\u00e3o do mercado de trabalho e de redu\u00e7\u00e3o da d\u00edvida das fam\u00edlias, no entanto, mant\u00e9m t\u00eanue a retomada do consumo<\/p>\n","protected":false},"author":1,"featured_media":3544,"comment_status":"open","ping_status":"open","sticky":false,"template":"","format":"standard","meta":{"footnotes":""},"categories":[3],"tags":[],"_links":{"self":[{"href":"http:\/\/fecomercio-pe.com.br\/site\/wp-json\/wp\/v2\/posts\/4003"}],"collection":[{"href":"http:\/\/fecomercio-pe.com.br\/site\/wp-json\/wp\/v2\/posts"}],"about":[{"href":"http:\/\/fecomercio-pe.com.br\/site\/wp-json\/wp\/v2\/types\/post"}],"author":[{"embeddable":true,"href":"http:\/\/fecomercio-pe.com.br\/site\/wp-json\/wp\/v2\/users\/1"}],"replies":[{"embeddable":true,"href":"http:\/\/fecomercio-pe.com.br\/site\/wp-json\/wp\/v2\/comments?post=4003"}],"version-history":[{"count":1,"href":"http:\/\/fecomercio-pe.com.br\/site\/wp-json\/wp\/v2\/posts\/4003\/revisions"}],"predecessor-version":[{"id":4004,"href":"http:\/\/fecomercio-pe.com.br\/site\/wp-json\/wp\/v2\/posts\/4003\/revisions\/4004"}],"wp:featuredmedia":[{"embeddable":true,"href":"http:\/\/fecomercio-pe.com.br\/site\/wp-json\/wp\/v2\/media\/3544"}],"wp:attachment":[{"href":"http:\/\/fecomercio-pe.com.br\/site\/wp-json\/wp\/v2\/media?parent=4003"}],"wp:term":[{"taxonomy":"category","embeddable":true,"href":"http:\/\/fecomercio-pe.com.br\/site\/wp-json\/wp\/v2\/categories?post=4003"},{"taxonomy":"post_tag","embeddable":true,"href":"http:\/\/fecomercio-pe.com.br\/site\/wp-json\/wp\/v2\/tags?post=4003"}],"curies":[{"name":"wp","href":"https:\/\/api.w.org\/{rel}","templated":true}]}}