{"id":3998,"date":"2017-05-22T19:52:12","date_gmt":"2017-05-22T19:52:12","guid":{"rendered":"http:\/\/fecomercio-pe.com.br\/site\/?p=3998"},"modified":"2017-05-22T19:55:28","modified_gmt":"2017-05-22T19:55:28","slug":"3998-2","status":"publish","type":"post","link":"http:\/\/fecomercio-pe.com.br\/site\/3998-2\/","title":{"rendered":"Comitiva da Fecom\u00e9rcio-PE participa do 33\u00ba CNSE"},"content":{"rendered":"<p><span style=\"color: #000000;\">O presidente do Sistema Fecom\u00e9rcio\/Sesc\/Senac-PE, Josias Albuquerque, junto com uma comitiva de 56 representantes da Fecom\u00e9rcio-PE e dos sindicatos ligados \u00e0 entidade participam, entre os dias 24 e 26 de maio, do 33\u00ba CNSE ( Congresso Nacional dos Sindicatos Empresariais do Com\u00e9rcio de Bens,\u00a0 Servi\u00e7os e Turismo), no Centro de Conven\u00e7\u00f5es da Para\u00edba, em Jo\u00e3o Pessoa. Durante o encontro, o consultor da presid\u00eancia da Fecom\u00e9rcio-PE, Jos\u00e9 Almeida de Queiroz, ir\u00e1 ministrar palestra sobre\u00a0 \u201cA ind\u00fastria dos atestados m\u00e9dicos falsos\u201d.<\/span><\/p>\n<p><span style=\"color: #000000;\">O 33\u00ba CNSE, evento nacional que re\u00fane dirigentes sindicais empresariais, executivos, assessores jur\u00eddicos, al\u00e9m dos empres\u00e1rios do setor, vindos de todo o Pa\u00eds, tem como objetivo proporcionar aos participantes, o entendimento da atual situa\u00e7\u00e3o pol\u00edtica do Brasil e seus efeitos danosos sobre a Economia e \u00e0s Empresas, bem como, buscar caminhos para melhorar o ambiente de neg\u00f3cios, com gera\u00e7\u00e3o de mais empregos e renda para os brasileiros.<\/span><\/p>\n<p><span style=\"color: #000000;\">O Sindilojas-Jo\u00e3o Pessoa \u00e9 o realizador desta edi\u00e7\u00e3o do CNSE, que conta ainda com o apoio da \u00a0CNC (Confedera\u00e7\u00e3o Nacional do Com\u00e9rcio de Bens Servi\u00e7os e Turismo), da Fecom\u00e9rcio-PB e do Sindicatos Empresariais do Com\u00e9rcio de Bens, Servi\u00e7os e Turismo do Estado da Para\u00edba.<\/span><\/p>\n<p>&nbsp;<\/p>\n","protected":false},"excerpt":{"rendered":"<p>O presidente do Sistema Fecom\u00e9rcio\/Sesc\/Senac-PE, Josias Albuquerque, participar\u00e1 da abertura do evento. <\/p>\n","protected":false},"author":1,"featured_media":3999,"comment_status":"open","ping_status":"open","sticky":false,"template":"","format":"standard","meta":{"footnotes":""},"categories":[3],"tags":[],"_links":{"self":[{"href":"http:\/\/fecomercio-pe.com.br\/site\/wp-json\/wp\/v2\/posts\/3998"}],"collection":[{"href":"http:\/\/fecomercio-pe.com.br\/site\/wp-json\/wp\/v2\/posts"}],"about":[{"href":"http:\/\/fecomercio-pe.com.br\/site\/wp-json\/wp\/v2\/types\/post"}],"author":[{"embeddable":true,"href":"http:\/\/fecomercio-pe.com.br\/site\/wp-json\/wp\/v2\/users\/1"}],"replies":[{"embeddable":true,"href":"http:\/\/fecomercio-pe.com.br\/site\/wp-json\/wp\/v2\/comments?post=3998"}],"version-history":[{"count":3,"href":"http:\/\/fecomercio-pe.com.br\/site\/wp-json\/wp\/v2\/posts\/3998\/revisions"}],"predecessor-version":[{"id":4002,"href":"http:\/\/fecomercio-pe.com.br\/site\/wp-json\/wp\/v2\/posts\/3998\/revisions\/4002"}],"wp:featuredmedia":[{"embeddable":true,"href":"http:\/\/fecomercio-pe.com.br\/site\/wp-json\/wp\/v2\/media\/3999"}],"wp:attachment":[{"href":"http:\/\/fecomercio-pe.com.br\/site\/wp-json\/wp\/v2\/media?parent=3998"}],"wp:term":[{"taxonomy":"category","embeddable":true,"href":"http:\/\/fecomercio-pe.com.br\/site\/wp-json\/wp\/v2\/categories?post=3998"},{"taxonomy":"post_tag","embeddable":true,"href":"http:\/\/fecomercio-pe.com.br\/site\/wp-json\/wp\/v2\/tags?post=3998"}],"curies":[{"name":"wp","href":"https:\/\/api.w.org\/{rel}","templated":true}]}}