{"id":3975,"date":"2017-05-19T14:35:53","date_gmt":"2017-05-19T14:35:53","guid":{"rendered":"http:\/\/fecomercio-pe.com.br\/site\/?p=3975"},"modified":"2017-05-19T18:09:05","modified_gmt":"2017-05-19T18:09:05","slug":"empresarios-da-mata-norte-debatem-as-potencialidades-economicas-da-regiao","status":"publish","type":"post","link":"http:\/\/fecomercio-pe.com.br\/site\/empresarios-da-mata-norte-debatem-as-potencialidades-economicas-da-regiao\/","title":{"rendered":"Empres\u00e1rios da Mata Norte debatem as potencialidades econ\u00f4micas da regi\u00e3o"},"content":{"rendered":"<p><span style=\"color: #000000;\">Durante o F\u00f3rum de Debates, a economista Tania Bacelar destacou o com\u00e9rcio e os servi\u00e7os como pontos fortes da economia local<\/span><\/p>\n<p><span style=\"color: #000000;\">Empres\u00e1rios de Paudalho, Carpina e cidades do entorno participaram do F\u00f3rum de Debates : Mata Norte e suas potencialidades, na Escola T\u00e9cnica de Paudalho , na noite desta quinta-feira (18\/05). O evento, realizado pelo Sistema Fecom\u00e9rcio-PE, em parceria com o Sebrae-PE e apoio do Senac, da Prefeitura de Paudalho e da Escola T\u00e9cnica Estadual de Paudalho, contou com palestra da economista e s\u00f3cia da Ceplan Consultoria Tania Bacelar, sobre os principais entraves da economia brasileira e regional e as perspectivas para a Mata Norte de Pernambuco.<\/span><\/p>\n<p><span style=\"color: #000000;\"><a style=\"color: #000000;\" href=\"http:\/\/fecomercio-pe.com.br\/site\/wp-content\/uploads\/2017\/05\/DSC_5417.jpg\"><img loading=\"lazy\" decoding=\"async\" class=\" wp-image-3978 alignright\" src=\"http:\/\/fecomercio-pe.com.br\/site\/wp-content\/uploads\/2017\/05\/DSC_5417-640x400.jpg\" alt=\"DSC_5417\" width=\"400\" height=\"250\" \/><\/a><\/span><\/p>\n<p><span style=\"color: #000000;\">A diretora do Instituto Fecom\u00e9rcio-PE, Brena Castelo Branco, destacou a import\u00e2ncia do debate sobre inova\u00e7\u00e3o entre os empres\u00e1rios. \u201cA Fecom\u00e9rcio-PE quer com eventos como este fomentar o debate e atualizar os empres\u00e1rios sobre o cen\u00e1rio. Em nome do presidente do Sistema Fecom\u00e9rcio-PE, Josias Albuquerque, quero reafirmar o nosso compromisso em apoiar o desenvolvimento da Mata Norte por meio de a\u00e7\u00f5es como esta\u201d, disse.<\/span><\/p>\n<p><span style=\"color: #000000;\">Para o prefeito de Paudalho, Marcelo Gouveia, a regi\u00e3o precisa se modernizar e o f\u00f3rum \u00e9 um passo para isto. \u201cNossa regi\u00e3o \u00e9 essencialmente canavieira. No entanto, precisamos nos reinventar para atender as novas demandas de mercado e desenvolver a nossa economia\u201d, afirmou. \u00a0<\/span><\/p>\n<p><span style=\"color: #000000;\"><a style=\"color: #000000;\" href=\"http:\/\/fecomercio-pe.com.br\/site\/wp-content\/uploads\/2017\/05\/DSC_5453.jpg\"><img loading=\"lazy\" decoding=\"async\" class=\"wp-image-3979 alignleft\" src=\"http:\/\/fecomercio-pe.com.br\/site\/wp-content\/uploads\/2017\/05\/DSC_5453-640x400.jpg\" alt=\"DSC_5453\" width=\"443\" height=\"277\" \/><\/a><\/span><\/p>\n<p><span style=\"color: #000000;\">Durante o encontro, a economista Tania Bacelar trouxe um panorama nacional e regional da situa\u00e7\u00e3o econ\u00f4mica. \u201cPara encontrar qualquer perspectiva regional, \u00e9 preciso reencontrar um ambiente econ\u00f4mico favor\u00e1vel nacional. E a economia nacional encontra-se em crise, principalmente, afetado pela crise pol\u00edtica. \u00a0Pernambuco, particularmente, veio de um per\u00edodo muito bom nos \u00faltimos anos, por isso, sente com muita for\u00e7a os impactos da crise\u201d, detalhou.<\/span><\/p>\n<p data-normal-size=\"14\"><span style=\"color: #000000;\">Para a economista, a regi\u00e3o da Mata Norte de Pernambuco tem um grande potencial no setor de servi\u00e7os e com\u00e9rcio. \u201cA regi\u00e3o j\u00e1 demonstra uma importante diversidade das atividades econ\u00f4micas. E isso \u00e9 um ponto importante para o desenvolvimento do setor de servi\u00e7os e com\u00e9rcio. Cidades como Carpina e Timba\u00faba j\u00e1 apresentam um bom desempenho no varejo\u201d, explicou.<\/span><\/p>\n<p><span style=\"color: #000000;\"><strong>INOVA\u00c7\u00c3O <\/strong><\/span><\/p>\n<p><span style=\"color: #000000;\"><a style=\"color: #000000;\" href=\"http:\/\/fecomercio-pe.com.br\/site\/wp-content\/uploads\/2017\/05\/DSC_5507.jpg\"><img loading=\"lazy\" decoding=\"async\" class=\" wp-image-3980 alignright\" src=\"http:\/\/fecomercio-pe.com.br\/site\/wp-content\/uploads\/2017\/05\/DSC_5507-640x400.jpg\" alt=\"DSC_5507\" width=\"522\" height=\"326\" \/><\/a><\/span><\/p>\n<p><span style=\"color: #000000;\">Segundo dados do Sebrae, a taxa de sobreviv\u00eancia das empresas nos dois anos seguintes a sua abertura, em 2012, chegou a atingir 76,6% das empresas brasileiras. Em 2016, este \u00edndice foi de 57%, o motivo desta queda dr\u00e1stica, segundo o consultor em Desenvolvimento Empresarial e Sustentabilidade, Jo\u00e3o Cavalcante, al\u00e9m da crise econ\u00f4mica \u00e9 a necessidade urgente das empresas inovarem e mudarem a maneira de pensar a gest\u00e3o empresarial.\u00a0 N\u00f3s temos a mania de enxergar fatores externos como o causador da crise. Mas precisamos olhar para nosso comportamento organizacional e identificar nossos erros na gest\u00e3o e inovar\u201d, disse.<\/span><\/p>\n<p><span style=\"color: #000000;\">De acordo com Jo\u00e3o Cavalcante, a inova\u00e7\u00e3o n\u00e3o precisa de altos investimentos, muito menos ideias mirabolantes. \u201cCriar \u00e9 se mexer, agregar valor ao seu produto. Mudar a maneira de pensar a gest\u00e3o. O cliente busca felicidade ao comprar. O consumo deixou de ser h\u00e1 muito tempo um ato econ\u00f4mico e passou a ser uma experi\u00eancia. E os empres\u00e1rios precisam estar atentos a isso\u201d, enfatizou.<\/span><\/p>\n","protected":false},"excerpt":{"rendered":"<p>Durante o F\u00f3rum de Debates, a economista Tania Bacelar destacou o com\u00e9rcio e os servi\u00e7os como pontos fortes da economia local<\/p>\n","protected":false},"author":1,"featured_media":3982,"comment_status":"open","ping_status":"open","sticky":false,"template":"","format":"standard","meta":{"footnotes":""},"categories":[3],"tags":[],"_links":{"self":[{"href":"http:\/\/fecomercio-pe.com.br\/site\/wp-json\/wp\/v2\/posts\/3975"}],"collection":[{"href":"http:\/\/fecomercio-pe.com.br\/site\/wp-json\/wp\/v2\/posts"}],"about":[{"href":"http:\/\/fecomercio-pe.com.br\/site\/wp-json\/wp\/v2\/types\/post"}],"author":[{"embeddable":true,"href":"http:\/\/fecomercio-pe.com.br\/site\/wp-json\/wp\/v2\/users\/1"}],"replies":[{"embeddable":true,"href":"http:\/\/fecomercio-pe.com.br\/site\/wp-json\/wp\/v2\/comments?post=3975"}],"version-history":[{"count":6,"href":"http:\/\/fecomercio-pe.com.br\/site\/wp-json\/wp\/v2\/posts\/3975\/revisions"}],"predecessor-version":[{"id":3987,"href":"http:\/\/fecomercio-pe.com.br\/site\/wp-json\/wp\/v2\/posts\/3975\/revisions\/3987"}],"wp:featuredmedia":[{"embeddable":true,"href":"http:\/\/fecomercio-pe.com.br\/site\/wp-json\/wp\/v2\/media\/3982"}],"wp:attachment":[{"href":"http:\/\/fecomercio-pe.com.br\/site\/wp-json\/wp\/v2\/media?parent=3975"}],"wp:term":[{"taxonomy":"category","embeddable":true,"href":"http:\/\/fecomercio-pe.com.br\/site\/wp-json\/wp\/v2\/categories?post=3975"},{"taxonomy":"post_tag","embeddable":true,"href":"http:\/\/fecomercio-pe.com.br\/site\/wp-json\/wp\/v2\/tags?post=3975"}],"curies":[{"name":"wp","href":"https:\/\/api.w.org\/{rel}","templated":true}]}}