{"id":3968,"date":"2017-05-18T11:29:37","date_gmt":"2017-05-18T11:29:37","guid":{"rendered":"http:\/\/fecomercio-pe.com.br\/site\/?p=3968"},"modified":"2017-05-18T12:50:37","modified_gmt":"2017-05-18T12:50:37","slug":"cnc-participa-do-conotel-2017","status":"publish","type":"post","link":"http:\/\/fecomercio-pe.com.br\/site\/cnc-participa-do-conotel-2017\/","title":{"rendered":"CNC participa do Conotel 2017"},"content":{"rendered":"<p>Com o objetivo de debater o futuro da atividade hoteleira no Brasil, come\u00e7a hoje, 17 de maio, a 59\u00aa edi\u00e7\u00e3o do Congresso Nacional de Hot\u00e9is (Conotel), no Centro de Conven\u00e7\u00f5es Frei Caneca, em S\u00e3o Paulo. A Confedera\u00e7\u00e3o Nacional do Com\u00e9rcio de Bens, Servi\u00e7os e Turismo (CNC) apoia e participa do Conotel 2017, por meio do seu Conselho Empresarial de Turismo e Hospitalidade (Cetur).<\/p>\n<p><span style=\"color: #000000;\">Com o objetivo de ajudar o setor a ampliar e atrair investimentos, principalmente em \u00e9poca de crise econ\u00f4mica, quando os hot\u00e9is arcam com altos tributos e baixa ocupa\u00e7\u00e3o, o encontro tem como tema Brasil Rumo a 2020: Crescimento Sustent\u00e1vel da Hotelaria.<\/span><\/p>\n<p><span style=\"color: #000000;\">O presidente do Conselho Empresarial de Turismo e Hospitalidade (Cetur) da CNC, Alexandre Sampaio, participa da abertura oficial do evento, no dia 17\/05, e, no dia 18\/05, \u00e0s 17h, fala sobre a regulamenta\u00e7\u00e3o das plataformas de hospedagem baseadas na economia compartilhada. Sampaio Tamb\u00e9m \u00e9 um dos homenageados pelo Conotel 2017 na categoria de L\u00edder Institucional.<\/span><\/p>\n<p><span style=\"color: #000000;\">\u201c\u00c9 de extrema import\u00e2ncia que a classe empresarial exija das autoridades federais a isonomia de condi\u00e7\u00f5es entre os players do setor de hospedagem, o que deve ser traduzido pela regulamenta\u00e7\u00e3o de plataformas como o Airbnb, que responde por 10% da fatia do mercado global. Apesar de a demanda j\u00e1 ter sido encaminhada ao Minist\u00e9rio do Turismo (MTur), ela n\u00e3o foi contemplada na proposta de altera\u00e7\u00e3o da Lei Geral do Turismo, enviada pelo Executivo ao Congresso Nacional\u201d, comenta Sampaio.<\/span><\/p>\n<p><span style=\"color: #000000;\">Durante o evento, o Cetur\/CNC re\u00fane um grupo de trabalho com entidades representativas do turismo para debater a proposta de altera\u00e7\u00e3o da Lei Geral do Turismo, encaminhada pelo MTur, e alinhar posicionamentos e atua\u00e7\u00e3o conjunta em prol das demandas do setor.<\/span><\/p>\n<p><span style=\"color: #000000;\">No dia 18\/05, \u00e0s 16h, o professor Fernando Baracho Martinelli, da p\u00f3s-gradua\u00e7\u00e3o em Gest\u00e3o de Meios de Hospedagem\u00a0do Senac\/SP, ministrar\u00e1 palestra sobre os novos modelos de neg\u00f3cio no atual cen\u00e1rio da hotelaria brasileira.<\/span><\/p>\n<p><span style=\"color: #000000;\">Outro destaque do congresso ser\u00e1 a palestra do economista pleno da Divis\u00e3o Econ\u00f4mica da CNC, Fabio Bentes, que far\u00e1 uma an\u00e1lise do cen\u00e1rio econ\u00f4mico brasileiro, no dia 18\/05, \u00e0s 18h30.<\/span><\/p>\n<p><span style=\"color: #000000;\">Os ministros do Turismo, Marx Beltr\u00e3o, e do Trabalho, Ronaldo Nogueira, tamb\u00e9m est\u00e3o confirmados no Conotel 2017, congresso que acontece juntamente com a II Expotel \u2013 Feira Internacional da Hotelaria.\u00a0\u00a0<\/span><\/p>\n<p><span style=\"color: #000000;\"><strong>CONOTEL \u2013 Congresso Nacional de Hot\u00e9is \u2013 59\u00aa Edi\u00e7\u00e3o<br \/>\n<\/strong><b>Data:<\/b> 17 a 19 de maio de 2017<\/span><br \/>\n<span style=\"color: #000000;\"><b>Local:<\/b> Centro de Conven\u00e7\u00f5es Frei Caneca \u2013 S\u00e3o Paulo\/SP<\/span><br \/>\n<span style=\"color: #000000;\"><b>Tema:<\/b> Brasil Rumo a 2020: Crescimento Sustent\u00e1vel da Hotelaria<\/span><br \/>\n<span style=\"color: #000000;\"><strong>Mais informa\u00e7\u00f5es: <\/strong><a style=\"color: #000000;\" href=\"http:\/\/emkt.cnc.org.br\/emkt\/tracer\/?2,4194823,d51e7a7c,6154,1\" data-saferedirecturl=\"https:\/\/www.google.com\/url?hl=pt-BR&amp;q=http:\/\/emkt.cnc.org.br\/emkt\/tracer\/?2,4194823,d51e7a7c,6154,1&amp;source=gmail&amp;ust=1495192833374000&amp;usg=AFQjCNGSW96ivy5g5ffw0UIIFcBmpctnnQ\"><strong>\u00a0http:\/\/conotel2017.com.br\/<\/strong><\/a><\/span><\/p>\n","protected":false},"excerpt":{"rendered":"<p>Evento re\u00fane representantes da hotelaria para discuss\u00e3o sobre crescimento sustent\u00e1vel do setor <\/p>\n","protected":false},"author":1,"featured_media":3973,"comment_status":"open","ping_status":"open","sticky":false,"template":"","format":"standard","meta":{"footnotes":""},"categories":[3],"tags":[],"_links":{"self":[{"href":"http:\/\/fecomercio-pe.com.br\/site\/wp-json\/wp\/v2\/posts\/3968"}],"collection":[{"href":"http:\/\/fecomercio-pe.com.br\/site\/wp-json\/wp\/v2\/posts"}],"about":[{"href":"http:\/\/fecomercio-pe.com.br\/site\/wp-json\/wp\/v2\/types\/post"}],"author":[{"embeddable":true,"href":"http:\/\/fecomercio-pe.com.br\/site\/wp-json\/wp\/v2\/users\/1"}],"replies":[{"embeddable":true,"href":"http:\/\/fecomercio-pe.com.br\/site\/wp-json\/wp\/v2\/comments?post=3968"}],"version-history":[{"count":3,"href":"http:\/\/fecomercio-pe.com.br\/site\/wp-json\/wp\/v2\/posts\/3968\/revisions"}],"predecessor-version":[{"id":3974,"href":"http:\/\/fecomercio-pe.com.br\/site\/wp-json\/wp\/v2\/posts\/3968\/revisions\/3974"}],"wp:featuredmedia":[{"embeddable":true,"href":"http:\/\/fecomercio-pe.com.br\/site\/wp-json\/wp\/v2\/media\/3973"}],"wp:attachment":[{"href":"http:\/\/fecomercio-pe.com.br\/site\/wp-json\/wp\/v2\/media?parent=3968"}],"wp:term":[{"taxonomy":"category","embeddable":true,"href":"http:\/\/fecomercio-pe.com.br\/site\/wp-json\/wp\/v2\/categories?post=3968"},{"taxonomy":"post_tag","embeddable":true,"href":"http:\/\/fecomercio-pe.com.br\/site\/wp-json\/wp\/v2\/tags?post=3968"}],"curies":[{"name":"wp","href":"https:\/\/api.w.org\/{rel}","templated":true}]}}