{"id":3963,"date":"2017-05-17T12:31:46","date_gmt":"2017-05-17T12:31:46","guid":{"rendered":"http:\/\/fecomercio-pe.com.br\/site\/?p=3963"},"modified":"2017-05-17T12:41:44","modified_gmt":"2017-05-17T12:41:44","slug":"curso-de-confeccao-de-aderecos-para-o-sao-joao-estimula-o-empreendedorismo-local","status":"publish","type":"post","link":"http:\/\/fecomercio-pe.com.br\/site\/curso-de-confeccao-de-aderecos-para-o-sao-joao-estimula-o-empreendedorismo-local\/","title":{"rendered":"Curso de confec\u00e7\u00e3o de adere\u00e7os para o S\u00e3o Jo\u00e3o estimula o empreendedorismo local"},"content":{"rendered":"<p><span style=\"color: #000000;\">As tradi\u00e7\u00f5es juninas ser\u00e3o a inspira\u00e7\u00e3o de 20 artes\u00e3os moradores de Bras\u00edlia Teimosa durante o curso de confec\u00e7\u00e3o de adere\u00e7os para o S\u00e3o Jo\u00e3o oferecido pelos Institutos Fecom\u00e9rcio-PE, Instituto Jo\u00e3o Carlos Paes Mendon\u00e7a \u2013 IJCPM e\u00a0 Sebrae \u2013 PE. As aulas est\u00e3o acontecendo ao longo desta semana e a partir do dia 01 de junho uma loja, no Shopping RioMar, comercializar\u00e1\u00a0as pe\u00e7as produzidas. A iniciativa busca dar destaque aos produtores locais, valorizar o trabalho art\u00edstico, al\u00e9m de promover pr\u00e1ticas empreendedoras.<\/span><\/p>\n<p><span style=\"color: #000000;\">O\u00a0curso busca promover a identidade da regi\u00e3o de forma sustent\u00e1vel e empreendedora, gerando renda e melhoria da qualidade de vida das pessoas.\u00a0 Antes das aulas de confec\u00e7\u00e3o de adere\u00e7os, que est\u00e3o sendo ministradas pela\u00a0professora do Senac-PE Juliana Couto,\u00a0os artes\u00e3os passaram por um ciclo de capacita\u00e7\u00e3o para aprenderem sobre gest\u00e3o. Esse grupo est\u00e1 sendo acompanhando desde o Natal de 2016 pelos institutos e j\u00e1 realizaram a\u00e7\u00f5es no final do ano passado e no Carnaval deste ano.<\/span><\/p>\n<p>&nbsp;<\/p>\n","protected":false},"excerpt":{"rendered":"<p>Artes\u00e3os participantes est\u00e3o sendo capacitados desde o final de 2016<\/p>\n","protected":false},"author":1,"featured_media":3966,"comment_status":"open","ping_status":"open","sticky":false,"template":"","format":"standard","meta":{"footnotes":""},"categories":[3],"tags":[],"_links":{"self":[{"href":"http:\/\/fecomercio-pe.com.br\/site\/wp-json\/wp\/v2\/posts\/3963"}],"collection":[{"href":"http:\/\/fecomercio-pe.com.br\/site\/wp-json\/wp\/v2\/posts"}],"about":[{"href":"http:\/\/fecomercio-pe.com.br\/site\/wp-json\/wp\/v2\/types\/post"}],"author":[{"embeddable":true,"href":"http:\/\/fecomercio-pe.com.br\/site\/wp-json\/wp\/v2\/users\/1"}],"replies":[{"embeddable":true,"href":"http:\/\/fecomercio-pe.com.br\/site\/wp-json\/wp\/v2\/comments?post=3963"}],"version-history":[{"count":1,"href":"http:\/\/fecomercio-pe.com.br\/site\/wp-json\/wp\/v2\/posts\/3963\/revisions"}],"predecessor-version":[{"id":3965,"href":"http:\/\/fecomercio-pe.com.br\/site\/wp-json\/wp\/v2\/posts\/3963\/revisions\/3965"}],"wp:featuredmedia":[{"embeddable":true,"href":"http:\/\/fecomercio-pe.com.br\/site\/wp-json\/wp\/v2\/media\/3966"}],"wp:attachment":[{"href":"http:\/\/fecomercio-pe.com.br\/site\/wp-json\/wp\/v2\/media?parent=3963"}],"wp:term":[{"taxonomy":"category","embeddable":true,"href":"http:\/\/fecomercio-pe.com.br\/site\/wp-json\/wp\/v2\/categories?post=3963"},{"taxonomy":"post_tag","embeddable":true,"href":"http:\/\/fecomercio-pe.com.br\/site\/wp-json\/wp\/v2\/tags?post=3963"}],"curies":[{"name":"wp","href":"https:\/\/api.w.org\/{rel}","templated":true}]}}