{"id":3957,"date":"2017-05-16T18:58:56","date_gmt":"2017-05-16T18:58:56","guid":{"rendered":"http:\/\/fecomercio-pe.com.br\/site\/?p=3957"},"modified":"2017-05-16T18:58:56","modified_gmt":"2017-05-16T18:58:56","slug":"segs-propoe-troca-de-experiencias-entre-o-programa-ecos-e-o-sindicatos","status":"publish","type":"post","link":"http:\/\/fecomercio-pe.com.br\/site\/segs-propoe-troca-de-experiencias-entre-o-programa-ecos-e-o-sindicatos\/","title":{"rendered":"Segs prop\u00f5e troca de experi\u00eancias entre o Programa Ecos e o Sindicatos"},"content":{"rendered":"<p>&nbsp;<\/p>\n<p><span style=\"color: #000000;\">O programa Sistema de Excel\u00eancia em Gest\u00e3o Sindical (Segs) promoveu\u00a0na tarde desta segunda-feira (15\/05), no Sesc Santo Amaro, encontro para a integra\u00e7\u00e3o entre o Programa Ecos de Sustentabilidade e os sindicatos ligados \u00e0 Fecom\u00e9rcio-PE. Representantes de sindicatos tiveram a oportunidade de apresentar a suas iniciativas relacionadas \u00e0 sustentabilidade e trocar experi\u00eancias com os demais sindicatos participantes do programa, al\u00e9m de convidados como as coordenadoras do programa Ecos no Senac-PE, Cec\u00edlia Barreto e do Sesc&#8211;PE, Elisabete Lacerda.<\/span><\/p>\n<p><span style=\"color: #000000;\">Durante o encontro, o consultor da presid\u00eancia da Fecom\u00e9rcio-PE, Jos\u00e9 Almeida de Queiroz, apresentou os resultados dos trabalhos desenvolvidos pelo Segs e a Assessoria Legislativa, em parceria com os sindicatos participantes do programa e destacou a import\u00e2ncia da continuidade das a\u00e7\u00f5es. \u201cIntroduzimos v\u00e1rias mudan\u00e7as ao Segs em Pernambuco, como foi o caso da entrada da Assessoria Legislativa. Este ano, vamos aprimorar este trabalho e desenvolver a\u00e7\u00f5es voltadas para o plano de gerenciamento de res\u00edduos s\u00f3lidos em parceria com o Sesc e o Senac\u201d, afirmou.<\/span><br \/>\n<span style=\"color: #000000;\"> O assessor legislativo da Fecom\u00e9rcio-PE, C\u00e9sar Souza, explicou as perspectivas dos trabalhos no \u00e2mbito legislativo para 2017 e reiterou a import\u00e2ncia da participa\u00e7\u00e3o dos sindicatos. Este ano ser\u00e1 implantada a terceira fase do projeto de integra\u00e7\u00e3o, que consistir\u00e1 no posicionamento efetivo das entidades sobre os projetos de lei que venham a afetar o segmento do sindicato ou no com\u00e9rcio em geral \u201cNossa inten\u00e7\u00e3o \u00e9 que os sindicatos saiam cada vez mais da zona de conforto e se posicionem a respeito de projetos de leis que venham a afetar o setor. Com base nessas proposi\u00e7\u00f5es iremos elaborar uma agenda legislativa para o ano de 2017\u201d, detalhou<\/span><\/p>\n<p><span style=\"color: #000000;\">O Sircope (Sindicato dos Representantes Comerciais de Pernambuco) apresentou pontos relevantes do desenvolvimento da sua gest\u00e3o nos \u00faltimos anos, como a mudan\u00e7a de sede para um pr\u00e9dio mais moderno e o oferecimento de aperfei\u00e7oamento para os seus associados. Para o presidente do Sircope, Archimedes J\u00fanior, \u00e9 importante que os sindicatos cada vez mais prestem servi\u00e7os aos seus representados. \u201cEstamos mostrando ao representante comercial a sua import\u00e2ncia para a economia do Pa\u00eds. No ano passado, conseguimos estreitar tamb\u00e9m nossa rela\u00e7\u00e3o com o Legislativo, por meio da Assessoria Legislativa da Fecom\u00e9rcio-PE, que rendeu bons frutos. Por isso, sempre repito: os sindicatos devem se aproximar dos seus representados atrav\u00e9s de servi\u00e7os essenciais para eles\u201d, ressaltou.<a style=\"color: #000000;\" href=\"http:\/\/fecomercio-pe.com.br\/site\/wp-content\/uploads\/2017\/05\/IMG_0956.jpg\"><img loading=\"lazy\" decoding=\"async\" class=\"wp-image-3959 alignleft\" src=\"http:\/\/fecomercio-pe.com.br\/site\/wp-content\/uploads\/2017\/05\/IMG_0956-640x400.jpg\" alt=\"IMG_0956\" width=\"499\" height=\"312\" srcset=\"http:\/\/fecomercio-pe.com.br\/site\/wp-content\/uploads\/2017\/05\/IMG_0956-640x400.jpg 640w, http:\/\/fecomercio-pe.com.br\/site\/wp-content\/uploads\/2017\/05\/IMG_0956-24x16.jpg 24w, http:\/\/fecomercio-pe.com.br\/site\/wp-content\/uploads\/2017\/05\/IMG_0956-36x24.jpg 36w\" sizes=\"(max-width: 499px) 100vw, 499px\" \/><\/a><\/span><br \/>\n<span style=\"color: #000000;\"> O Sincope\u00e7as (Sindicato do Com\u00e9rcio de Autope\u00e7as de Pernambuco) trouxe sua experi\u00eancia na implanta\u00e7\u00e3o do selo verde e da certifica\u00e7\u00e3o junto ao IQA (Instituto de Qualidade Automotiva), que visam adequar os estabelecimentos de autope\u00e7as \u00e0 legisla\u00e7\u00e3o ambiental. \u201cO segmento de reposi\u00e7\u00e3o automotiva \u00e9 um dos principais agentes de polui\u00e7\u00e3o do solo. O Sincope\u00e7as faz um trabalho de conscientiza\u00e7\u00e3o e de incentivo para novas pr\u00e1ticas, que venham a diminuir impactos ambientais. Por isso, buscamos parcerias com \u00f3rg\u00e3os como o IQA e institui\u00e7\u00f5es como o Insituto Jogue Limpo para avan\u00e7armos nesse sentido\u201d, disse Marcelo Magalh\u00e3es, executivo do Sincope\u00e7as.<\/span><br \/>\n<span style=\"color: #000000;\"> O Instituto Jogue Limpo tem como miss\u00e3o a destina\u00e7\u00e3o ambientalmente correta das embalagens pl\u00e1sticas de \u00f3leo lubrificante usadas e para tanto conta com o princ\u00edpio da responsabilidade compartilhada no \u00e2mbito da Pol\u00edtica Nacional de Res\u00edduos S\u00f3lidos &#8211; PNRS &#8211; Lei 12.305\/2010 regulamentada pelo Decreto 7404 de 23\/12\/2010, onde todos os elos da cadeia t\u00eam participa\u00e7\u00e3o fundamental para o \u00eaxito do sistema de log\u00edstica reversa dessas embalagens.<\/span><br \/>\n<span style=\"color: #000000;\"> Como troca de experi\u00eancias no que diz respeito \u00e0 sustentabilidade, o Sindicom Jaboat\u00e3o apresentou os novos desafios para o projeto Pap\u00e3o de Pilhas, que em parceria com o Sindivarejista (Sindicato Varejista G\u00eaneros Aliment\u00edcios de Pernambuco), recolhe pilhas usadas em estabelecimentos comerciais para o descarte correto. Para a gerente do Sindicom Jaboat\u00e3o, Karina Freitas, \u00e9 preciso unir for\u00e7as com outros parceiros para dar amplitude ao projeto. \u201cEssa \u00e9 uma a\u00e7\u00e3o importante. Para este ano, estamos buscando novas solu\u00e7\u00f5es para o Pap\u00e3o de pilhas. E acreditamos que o engajamento de outros segmentos trar\u00e1 mais avan\u00e7os\u201d, afirmou. O presidente do Sindivarejista, Jos\u00e9 Louren\u00e7o, reiterou a necessidade de mais parceiros para a iniciativa. \u201cA quest\u00e3o da sustentabilidade deve ser sempre discutida e colocada em pr\u00e1tica. Temos que mudar nossas atitudes e devemos fazer isso em conjunto\u201d, ressaltou.<\/span><\/p>\n<p><span style=\"color: #000000;\"><a style=\"color: #000000;\" href=\"http:\/\/fecomercio-pe.com.br\/site\/wp-content\/uploads\/2017\/05\/IMG_1001.jpg\"><img loading=\"lazy\" decoding=\"async\" class=\"size-portfolio_tn wp-image-3960 aligncenter\" src=\"http:\/\/fecomercio-pe.com.br\/site\/wp-content\/uploads\/2017\/05\/IMG_1001-640x400.jpg\" alt=\"IMG_1001\" width=\"640\" height=\"400\" srcset=\"http:\/\/fecomercio-pe.com.br\/site\/wp-content\/uploads\/2017\/05\/IMG_1001-640x400.jpg 640w, http:\/\/fecomercio-pe.com.br\/site\/wp-content\/uploads\/2017\/05\/IMG_1001-24x16.jpg 24w, http:\/\/fecomercio-pe.com.br\/site\/wp-content\/uploads\/2017\/05\/IMG_1001-36x24.jpg 36w\" sizes=\"(max-width: 640px) 100vw, 640px\" \/><\/a><\/span><\/p>\n","protected":false},"excerpt":{"rendered":"<p>Inten\u00e7\u00e3o \u00e9 desenvolver a\u00e7\u00f5es que fomentem a sustentabilidade na gest\u00e3o sindical<\/p>\n","protected":false},"author":1,"featured_media":3958,"comment_status":"open","ping_status":"open","sticky":false,"template":"","format":"standard","meta":{"footnotes":""},"categories":[3],"tags":[],"_links":{"self":[{"href":"http:\/\/fecomercio-pe.com.br\/site\/wp-json\/wp\/v2\/posts\/3957"}],"collection":[{"href":"http:\/\/fecomercio-pe.com.br\/site\/wp-json\/wp\/v2\/posts"}],"about":[{"href":"http:\/\/fecomercio-pe.com.br\/site\/wp-json\/wp\/v2\/types\/post"}],"author":[{"embeddable":true,"href":"http:\/\/fecomercio-pe.com.br\/site\/wp-json\/wp\/v2\/users\/1"}],"replies":[{"embeddable":true,"href":"http:\/\/fecomercio-pe.com.br\/site\/wp-json\/wp\/v2\/comments?post=3957"}],"version-history":[{"count":1,"href":"http:\/\/fecomercio-pe.com.br\/site\/wp-json\/wp\/v2\/posts\/3957\/revisions"}],"predecessor-version":[{"id":3961,"href":"http:\/\/fecomercio-pe.com.br\/site\/wp-json\/wp\/v2\/posts\/3957\/revisions\/3961"}],"wp:featuredmedia":[{"embeddable":true,"href":"http:\/\/fecomercio-pe.com.br\/site\/wp-json\/wp\/v2\/media\/3958"}],"wp:attachment":[{"href":"http:\/\/fecomercio-pe.com.br\/site\/wp-json\/wp\/v2\/media?parent=3957"}],"wp:term":[{"taxonomy":"category","embeddable":true,"href":"http:\/\/fecomercio-pe.com.br\/site\/wp-json\/wp\/v2\/categories?post=3957"},{"taxonomy":"post_tag","embeddable":true,"href":"http:\/\/fecomercio-pe.com.br\/site\/wp-json\/wp\/v2\/tags?post=3957"}],"curies":[{"name":"wp","href":"https:\/\/api.w.org\/{rel}","templated":true}]}}