{"id":3948,"date":"2017-05-16T14:12:26","date_gmt":"2017-05-16T14:12:26","guid":{"rendered":"http:\/\/fecomercio-pe.com.br\/site\/?p=3948"},"modified":"2017-05-16T14:12:26","modified_gmt":"2017-05-16T14:12:26","slug":"cnc-confianca-das-familias-aumenta-111-na-comparacao-anual-e-tem-a-maior-evolucao-da-serie-historica","status":"publish","type":"post","link":"http:\/\/fecomercio-pe.com.br\/site\/cnc-confianca-das-familias-aumenta-111-na-comparacao-anual-e-tem-a-maior-evolucao-da-serie-historica\/","title":{"rendered":"CNC: confian\u00e7a das fam\u00edlias aumenta 11,1% na compara\u00e7\u00e3o anual e tem a maior evolu\u00e7\u00e3o da s\u00e9rie hist\u00f3rica"},"content":{"rendered":"<p><span style=\"color: #000000;\">A\u00a0Inten\u00e7\u00e3o de Consumo das Fam\u00edlias (ICF), apurada pela Confedera\u00e7\u00e3o Nacional do Com\u00e9rcio de Bens, Servi\u00e7os e Turismo (CNC), alcan\u00e7ou 77,7 pontos em maio de 2017, em uma escala de 0 a 200. O aumento de 11,1% em rela\u00e7\u00e3o ao mesmo per\u00edodo do ano passado \u00e9 a terceira varia\u00e7\u00e3o positiva consecutiva, fato que n\u00e3o ocorria desde 2012. Na compara\u00e7\u00e3o com abril, o indicador apresentou leve queda de 0,2%.<\/span><\/p>\n<p><span style=\"color: #000000;\">\u201cA confian\u00e7a das fam\u00edlias segue em trajet\u00f3ria positiva apesar da pequena queda mensal nos meses de abril e maio. A melhora nas expectativas das fam\u00edlias se d\u00e1, principalmente, pelas not\u00edcias favor\u00e1veis \u00e0 retomada da economia, como a desacelera\u00e7\u00e3o da infla\u00e7\u00e3o, a queda dos juros e a libera\u00e7\u00e3o de recursos de contas inativas do FGTS\u201d, aponta Juliana Serapio, assessora econ\u00f4mica da CNC.<\/span><\/p>\n<p><span style=\"color: #000000;\"><strong>Emprego acima da zona de indiferen\u00e7a<\/p>\n<p><\/strong>Ainda que acima da zona de indiferen\u00e7a (100 pontos), com 108,5 pontos, o componente Emprego Atual teve pequena queda de\u00a00,1% em rela\u00e7\u00e3o a abril. Na compara\u00e7\u00e3o anual, no entanto, teve eleva\u00e7\u00e3o de 8,4%. O percentual de fam\u00edlias que se sentem mais seguras em rela\u00e7\u00e3o ao emprego atual \u00e9 de 31,8%, ante 31,6% em abril.<\/span><\/p>\n<p><span style=\"color: #000000;\">A preocupa\u00e7\u00e3o das fam\u00edlias em rela\u00e7\u00e3o ao mercado de trabalho aparece no componente Perspectiva Profissional. Com 98,8 pontos, o \u00a0subitem apresentou queda de 1,6% na compara\u00e7\u00e3o mensal. Em rela\u00e7\u00e3o a maio do ano passado, teve aumento de 6,3%.<\/span><\/p>\n<p><span style=\"color: #000000;\"><strong>Tend\u00eancia positiva no consumo<\/strong><\/p>\n<p>O componente N\u00edvel de Consumo Atual teve varia\u00e7\u00e3o anual positiva de 16,6% e aumento de 1,9% ante abril. Mesmo assim, a maior parte das fam\u00edlias declarou estar com o n\u00edvel de consumo menor do que o do ano passado (60,2, ante 60,87 em abril).<\/p>\n<p>O item Perspectiva de Consumo registrou aumento de 0,5% em rela\u00e7\u00e3o a abril e de 28,2% ante o mesmo per\u00edodo de 2016, a nona varia\u00e7\u00e3o anual positiva desde agosto de 2014.<\/p>\n<p>Refletindo a tend\u00eancia positiva no consumo, Momento para Dur\u00e1veis apresentou eleva\u00e7\u00e3o de 1,6% na compara\u00e7\u00e3o mensal ap\u00f3s duas quedas consecutivas. Em rela\u00e7\u00e3o a 2016, o componente mostrou aumento de 20,4%, o sexto consecutivo.<\/p>\n<p><strong>Cr\u00e9dito restrito<\/strong><\/p>\n<p>O cr\u00e9dito, ainda restrito e caro para os consumidores, impactou os resultados dos componentes ligados \u00e0s compras a prazo. Apesar de o item Acesso ao Cr\u00e9dito, com 70 pontos, ter apresentado queda de 0,1% na compara\u00e7\u00e3o mensal, teve aumento de 5,3% em rela\u00e7\u00e3o a maio de 2016.<strong><\/p>\n<p><\/strong>Para o ano de 2017, a CNC manteve a sua previs\u00e3o anterior de crescimento das vendas no varejo ampliado (+1,5% em rela\u00e7\u00e3o a 2016). Perspectivas mais favor\u00e1veis no que diz respeito \u00e0 velocidade de queda dos juros e impactos positivos que essa medida provocaria sobre o mercado de trabalho ainda s\u00e3o necess\u00e1rias para que o setor retome um ritmo de crescimento mais intenso nos pr\u00f3ximos meses.<strong><br \/>\n<\/strong><\/span><br \/>\n<span style=\"color: #000000;\"><strong><a style=\"color: #000000;\" href=\"http:\/\/emkt.cnc.org.br\/emkt\/tracer\/?2,4190883,d51e7a7c,8df8,1\" data-saferedirecturl=\"https:\/\/www.google.com\/url?hl=pt-BR&amp;q=http:\/\/emkt.cnc.org.br\/emkt\/tracer\/?2,4190883,d51e7a7c,8df8,1&amp;source=gmail&amp;ust=1495030036505000&amp;usg=AFQjCNGLjSx-YT_5KDBcyou4RmP5nTVoZw\">Acesse\u00a0a an\u00e1lise completa, os gr\u00e1ficos e a s\u00e9rie hist\u00f3rica da ICF.<\/a><\/strong><\/span><\/p>\n<p><strong>Fonte: CNC<\/strong><\/p>\n","protected":false},"excerpt":{"rendered":"<p>Na compara\u00e7\u00e3o mensal, no entanto, \u00edndice apresentou leve queda de 0,2%<\/p>\n","protected":false},"author":1,"featured_media":3353,"comment_status":"open","ping_status":"open","sticky":false,"template":"","format":"standard","meta":{"footnotes":""},"categories":[3],"tags":[],"_links":{"self":[{"href":"http:\/\/fecomercio-pe.com.br\/site\/wp-json\/wp\/v2\/posts\/3948"}],"collection":[{"href":"http:\/\/fecomercio-pe.com.br\/site\/wp-json\/wp\/v2\/posts"}],"about":[{"href":"http:\/\/fecomercio-pe.com.br\/site\/wp-json\/wp\/v2\/types\/post"}],"author":[{"embeddable":true,"href":"http:\/\/fecomercio-pe.com.br\/site\/wp-json\/wp\/v2\/users\/1"}],"replies":[{"embeddable":true,"href":"http:\/\/fecomercio-pe.com.br\/site\/wp-json\/wp\/v2\/comments?post=3948"}],"version-history":[{"count":1,"href":"http:\/\/fecomercio-pe.com.br\/site\/wp-json\/wp\/v2\/posts\/3948\/revisions"}],"predecessor-version":[{"id":3949,"href":"http:\/\/fecomercio-pe.com.br\/site\/wp-json\/wp\/v2\/posts\/3948\/revisions\/3949"}],"wp:featuredmedia":[{"embeddable":true,"href":"http:\/\/fecomercio-pe.com.br\/site\/wp-json\/wp\/v2\/media\/3353"}],"wp:attachment":[{"href":"http:\/\/fecomercio-pe.com.br\/site\/wp-json\/wp\/v2\/media?parent=3948"}],"wp:term":[{"taxonomy":"category","embeddable":true,"href":"http:\/\/fecomercio-pe.com.br\/site\/wp-json\/wp\/v2\/categories?post=3948"},{"taxonomy":"post_tag","embeddable":true,"href":"http:\/\/fecomercio-pe.com.br\/site\/wp-json\/wp\/v2\/tags?post=3948"}],"curies":[{"name":"wp","href":"https:\/\/api.w.org\/{rel}","templated":true}]}}