{"id":3946,"date":"2017-05-16T11:25:49","date_gmt":"2017-05-16T11:25:49","guid":{"rendered":"http:\/\/fecomercio-pe.com.br\/site\/?p=3946"},"modified":"2017-05-16T11:25:49","modified_gmt":"2017-05-16T11:25:49","slug":"cnc-projeta-recuo-de-26-para-servicos-este-ano","status":"publish","type":"post","link":"http:\/\/fecomercio-pe.com.br\/site\/cnc-projeta-recuo-de-26-para-servicos-este-ano\/","title":{"rendered":"CNC projeta recuo de 2,6% para servi\u00e7os este ano"},"content":{"rendered":"<p><span style=\"color: #000000;\">O volume de receitas do setor de servi\u00e7os recuou 2,3% em mar\u00e7o, na compara\u00e7\u00e3o com fevereiro, de acordo com a Pesquisa Mensal de Servi\u00e7os (PMS), divulgada hoje (12) pelo IBGE. Foi o pior resultado em comparativos mensais com ajustes sazonais desde o in\u00edcio da pesquisa em 2012.<\/span><\/p>\n<p><span style=\"color: #000000;\">Encerrado o primeiro trimestre deste ano, ainda n\u00e3o \u00e9 poss\u00edvel identificar qualquer ind\u00edcio de recupera\u00e7\u00e3o do n\u00edvel de atividade nos servi\u00e7os. Nos tr\u00eas primeiros meses do ano, o setor acumulou queda de 4,6% ante o mesmo per\u00edodo de 2016, ritmo semelhante \u00e0quele verificado ao longo do ano passado quando se observou queda de 5,0%. \u201cAl\u00e9m do fraco n\u00edvel geral de atividade econ\u00f4mica interna, a maior resili\u00eancia dos pre\u00e7os dos servi\u00e7os tem se colocado como um obst\u00e1culo adicional \u00e0 retomada do crescimento das atividades terci\u00e1rias. Nos \u00faltimos 12 meses encerrados em abril, a infla\u00e7\u00e3o de servi\u00e7os respondeu por 51% da varia\u00e7\u00e3o do IPCA\u201d, comenta Fabio Bentes, economista da Confedera\u00e7\u00e3o Nacional do Com\u00e9rcio de Bens, Servi\u00e7os e Turismo (CNC). <\/span><\/p>\n<p><span style=\"color: #000000;\">Mesmo apostando em um cen\u00e1rio mais favor\u00e1vel em rela\u00e7\u00e3o ao comportamento dos pre\u00e7os e do custo dos investimentos nos pr\u00f3ximos meses, a manuten\u00e7\u00e3o do ritmo de perdas do setor terci\u00e1rio nos \u00faltimos dois meses \u00a0levou a entidade a revisar para baixo sua proje\u00e7\u00e3o no volume de receitas do setor de -1,9% para -2,6% em 2017.\u00a0<\/span><\/p>\n<p>&nbsp;<\/p>\n<p><span style=\"color: #000000;\"><strong><a style=\"color: #000000;\" href=\"http:\/\/emkt.cnc.org.br\/emkt\/tracer\/?2,4186275,d51e7a7c,475b,1\" data-saferedirecturl=\"https:\/\/www.google.com\/url?hl=pt-BR&amp;q=http:\/\/emkt.cnc.org.br\/emkt\/tracer\/?2,4186275,d51e7a7c,475b,1&amp;source=gmail&amp;ust=1495020185901000&amp;usg=AFQjCNF01xfkwZlsDR_r0DkGaDbQQJ_xoQ\">Acesse a an\u00e1lise completa da Divis\u00e3o Econ\u00f4mica da CNC.<\/a><\/strong><\/span><\/p>\n<p><strong>Fonte: CNC<\/strong><\/p>\n","protected":false},"excerpt":{"rendered":"<p>Manuten\u00e7\u00e3o do ritmo de perdas do setor terci\u00e1rio nos \u00faltimos dois meses levou a entidade a revisar para baixo sua proje\u00e7\u00e3o no volume de receitas do setor de -1,9% para -2,6% em 2017<\/p>\n","protected":false},"author":1,"featured_media":2900,"comment_status":"open","ping_status":"open","sticky":false,"template":"","format":"standard","meta":{"footnotes":""},"categories":[3],"tags":[],"_links":{"self":[{"href":"http:\/\/fecomercio-pe.com.br\/site\/wp-json\/wp\/v2\/posts\/3946"}],"collection":[{"href":"http:\/\/fecomercio-pe.com.br\/site\/wp-json\/wp\/v2\/posts"}],"about":[{"href":"http:\/\/fecomercio-pe.com.br\/site\/wp-json\/wp\/v2\/types\/post"}],"author":[{"embeddable":true,"href":"http:\/\/fecomercio-pe.com.br\/site\/wp-json\/wp\/v2\/users\/1"}],"replies":[{"embeddable":true,"href":"http:\/\/fecomercio-pe.com.br\/site\/wp-json\/wp\/v2\/comments?post=3946"}],"version-history":[{"count":1,"href":"http:\/\/fecomercio-pe.com.br\/site\/wp-json\/wp\/v2\/posts\/3946\/revisions"}],"predecessor-version":[{"id":3947,"href":"http:\/\/fecomercio-pe.com.br\/site\/wp-json\/wp\/v2\/posts\/3946\/revisions\/3947"}],"wp:featuredmedia":[{"embeddable":true,"href":"http:\/\/fecomercio-pe.com.br\/site\/wp-json\/wp\/v2\/media\/2900"}],"wp:attachment":[{"href":"http:\/\/fecomercio-pe.com.br\/site\/wp-json\/wp\/v2\/media?parent=3946"}],"wp:term":[{"taxonomy":"category","embeddable":true,"href":"http:\/\/fecomercio-pe.com.br\/site\/wp-json\/wp\/v2\/categories?post=3946"},{"taxonomy":"post_tag","embeddable":true,"href":"http:\/\/fecomercio-pe.com.br\/site\/wp-json\/wp\/v2\/tags?post=3946"}],"curies":[{"name":"wp","href":"https:\/\/api.w.org\/{rel}","templated":true}]}}