{"id":3944,"date":"2017-05-15T12:33:20","date_gmt":"2017-05-15T12:33:20","guid":{"rendered":"http:\/\/fecomercio-pe.com.br\/site\/?p=3944"},"modified":"2017-05-15T12:33:20","modified_gmt":"2017-05-15T12:33:20","slug":"atividade-economica-cresce-112-no-primeiro-trimestre","status":"publish","type":"post","link":"http:\/\/fecomercio-pe.com.br\/site\/atividade-economica-cresce-112-no-primeiro-trimestre\/","title":{"rendered":"Atividade econ\u00f4mica cresce 1,12% no primeiro trimestre"},"content":{"rendered":"<p><span style=\"color: #000000;\">A atividade econ\u00f4mica cresceu 1,12% no primeiro trimestre deste ano, na compara\u00e7\u00e3o com o \u00faltimo trimestre de 2016. \u00c9 o que mostra o \u00cdndice de Atividade Econ\u00f4mica do Banco Central (IBC-Br), dessazonalizado (ajustado para o per\u00edodo), divulgado hoje (15), em Bras\u00edlia.<\/span><\/p>\n<p><span style=\"color: #000000;\">Em mar\u00e7o, o \u00edndice dessazonalizado apresentou queda de 0,44% em rela\u00e7\u00e3o a fevereiro. Na compara\u00e7\u00e3o entre mar\u00e7o deste ano e mar\u00e7o de 2016, houve crescimento de 1,05%.<\/span><\/p>\n<p><strong>Fonte: Ag\u00eancia Brasil<\/strong><\/p>\n","protected":false},"excerpt":{"rendered":"<p>Em mar\u00e7o, o \u00edndice dessazonalizado apresentou queda de 0,44% em rela\u00e7\u00e3o a fevereiro. <\/p>\n","protected":false},"author":1,"featured_media":3425,"comment_status":"open","ping_status":"open","sticky":false,"template":"","format":"standard","meta":{"footnotes":""},"categories":[3],"tags":[],"_links":{"self":[{"href":"http:\/\/fecomercio-pe.com.br\/site\/wp-json\/wp\/v2\/posts\/3944"}],"collection":[{"href":"http:\/\/fecomercio-pe.com.br\/site\/wp-json\/wp\/v2\/posts"}],"about":[{"href":"http:\/\/fecomercio-pe.com.br\/site\/wp-json\/wp\/v2\/types\/post"}],"author":[{"embeddable":true,"href":"http:\/\/fecomercio-pe.com.br\/site\/wp-json\/wp\/v2\/users\/1"}],"replies":[{"embeddable":true,"href":"http:\/\/fecomercio-pe.com.br\/site\/wp-json\/wp\/v2\/comments?post=3944"}],"version-history":[{"count":1,"href":"http:\/\/fecomercio-pe.com.br\/site\/wp-json\/wp\/v2\/posts\/3944\/revisions"}],"predecessor-version":[{"id":3945,"href":"http:\/\/fecomercio-pe.com.br\/site\/wp-json\/wp\/v2\/posts\/3944\/revisions\/3945"}],"wp:featuredmedia":[{"embeddable":true,"href":"http:\/\/fecomercio-pe.com.br\/site\/wp-json\/wp\/v2\/media\/3425"}],"wp:attachment":[{"href":"http:\/\/fecomercio-pe.com.br\/site\/wp-json\/wp\/v2\/media?parent=3944"}],"wp:term":[{"taxonomy":"category","embeddable":true,"href":"http:\/\/fecomercio-pe.com.br\/site\/wp-json\/wp\/v2\/categories?post=3944"},{"taxonomy":"post_tag","embeddable":true,"href":"http:\/\/fecomercio-pe.com.br\/site\/wp-json\/wp\/v2\/tags?post=3944"}],"curies":[{"name":"wp","href":"https:\/\/api.w.org\/{rel}","templated":true}]}}