{"id":3910,"date":"2017-05-09T19:23:21","date_gmt":"2017-05-09T19:23:21","guid":{"rendered":"http:\/\/fecomercio-pe.com.br\/site\/?p=3910"},"modified":"2017-05-09T19:23:21","modified_gmt":"2017-05-09T19:23:21","slug":"cnc-dia-das-maes-deve-registrar-alta-nas-vendas-apos-dois-anos-consecutivos-de-queda","status":"publish","type":"post","link":"http:\/\/fecomercio-pe.com.br\/site\/cnc-dia-das-maes-deve-registrar-alta-nas-vendas-apos-dois-anos-consecutivos-de-queda\/","title":{"rendered":"CNC: Dia das M\u00e3es deve registrar alta nas vendas ap\u00f3s dois anos consecutivos de queda"},"content":{"rendered":"<p><span style=\"color: #000000;\"><em>Com a menor varia\u00e7\u00e3o de pre\u00e7os desde 2007, a previs\u00e3o \u00e9 que o volume de vendas em rela\u00e7\u00e3o a 2016 cres\u00e7a 3,8%. Setor deve gerar 20,6 mil vagas de emprego tempor\u00e1rio<br \/>\n<\/em>\u00a0<\/span><\/p>\n<p><span style=\"color: #000000;\">A Confedera\u00e7\u00e3o Nacional do Com\u00e9rcio de Bens, Servi\u00e7os e Turismo (CNC) estima que o pr\u00f3ximo Dia das M\u00e3es deve movimentar R$ 9,2 bilh\u00f5es no Pa\u00eds, um crescimento de 3,8% em volume de vendas \u2013 j\u00e1 descontada a infla\u00e7\u00e3o \u2013 na compara\u00e7\u00e3o com o ano anterior. Se confirmada, a data comemorativa volta a registrar crescimento real no faturamento ap\u00f3s dois anos de queda. Em 2015 e 2016, as vendas variaram -0,4% e -9,0%, respectivamente.<\/span><\/p>\n<p><span style=\"color: #000000;\">Com a expectativa de incremento das vendas por parte dos varejistas, a contrata\u00e7\u00e3o de trabalhadores tempor\u00e1rios pelo setor deve apresentar ligeiro aumento neste ano (20,6 mil vagas), na compara\u00e7\u00e3o com o mesmo per\u00edodo de 2016 (20,1 mil vagas). Apesar da maior oferta de postos de trabalho, a taxa de efetiva\u00e7\u00e3o deve se manter abaixo da m\u00e9dia hist\u00f3rica de 5,5%.<\/span><\/p>\n<p><span style=\"color: #000000;\">Segundo Fabio Bentes, economista da CNC, a menor efetiva\u00e7\u00e3o decorre de v\u00e1rios fatores, como as condi\u00e7\u00f5es de consumo ainda fr\u00e1geis, especialmente no que se refere \u00e0 lentid\u00e3o nos processos de retomada do n\u00edvel de atividade econ\u00f4mica, emprego e cr\u00e9dito, este \u00faltimo, elemento fundamental para a materializa\u00e7\u00e3o das vendas a prazo.\u00a0<\/span><\/p>\n<p><span style=\"color: #000000;\"><strong>Os artigos mais procurados<\/strong><\/span><\/p>\n<p><span style=\"color: #000000;\">De acordo com a CNC, os ramos de artigos de uso pessoal e dom\u00e9stico e de m\u00f3veis e eletrodom\u00e9sticos devem ser aqueles mais procurados neste ano, apontando varia\u00e7\u00f5es de +6,7% e +6,4% em volume de vendas, respectivamente, na compara\u00e7\u00e3o com o Dia das M\u00e3es anterior. J\u00e1 para o setor de vestu\u00e1rio e cal\u00e7ados, principal ramo do varejo nessa data, com cerca de 40% do faturamento total, a previs\u00e3o \u00e9 de ligeira alta de 0,5% em compara\u00e7\u00e3o com 2016.<\/span><\/p>\n<p><span style=\"color: #000000;\"><strong>Varia\u00e7\u00e3o nos pre\u00e7os\u00a0<\/strong><\/span><\/p>\n<p><span style=\"color: #000000;\">Segundo dados mais recentes do \u00cdndice Nacional de Pre\u00e7os ao Consumidor Amplo (IPCA-15), os bens e servi\u00e7os sazonalmente mais demandados no Dia das M\u00e3es acumularam alta de 4,6% nos \u00faltimos 12 meses \u2013 a menor varia\u00e7\u00e3o em 10 anos. Sendo assim, com pre\u00e7os abaixo daqueles observados no ano passado, os itens de mobili\u00e1rio (-0,9%), joias e bijuterias (-0,7%) e aparelhos telef\u00f4nicos (-0,8%) devem impulsionar as vendas nos segmentos. Por outro lado, varia\u00e7\u00f5es ainda expressivas nos pre\u00e7os m\u00e9dios dos chocolates (+14,6%), t\u00eanis (+11,6%) e artigos de maquiagem (+11,2%) devem impedir que a m\u00e9dia de pre\u00e7os dos bens e servi\u00e7os mais consumidos nessa data baixe ainda mais este ano.\u00a0\u00a0<\/span><\/p>\n<p><span style=\"color: #000000;\"><strong><a style=\"color: #000000;\" href=\"http:\/\/emkt.cnc.org.br\/emkt\/tracer\/?2,4177815,d51e7a7c,4acd,1\" data-saferedirecturl=\"https:\/\/www.google.com\/url?hl=pt-BR&amp;q=http:\/\/emkt.cnc.org.br\/emkt\/tracer\/?2,4177815,d51e7a7c,4acd,1&amp;source=gmail&amp;ust=1494426523590000&amp;usg=AFQjCNGmr7Y_xFtAsPnucoxniHbovqEzkw\">Acesse a nota completa com a an\u00e1lise da Divis\u00e3o Econ\u00f4mica da CNC.\u00a0<\/a><\/strong><\/span><\/p>\n","protected":false},"excerpt":{"rendered":"<p>A Confedera\u00e7\u00e3o Nacional do Com\u00e9rcio de Bens, Servi\u00e7os e Turismo (CNC) estima que o pr\u00f3ximo Dia das M\u00e3es deve movimentar R$ 9,2 bilh\u00f5es no Pa\u00eds, um crescimento de 3,8% em volume de vendas.<\/p>\n","protected":false},"author":1,"featured_media":3911,"comment_status":"open","ping_status":"open","sticky":false,"template":"","format":"standard","meta":{"footnotes":""},"categories":[3],"tags":[],"_links":{"self":[{"href":"http:\/\/fecomercio-pe.com.br\/site\/wp-json\/wp\/v2\/posts\/3910"}],"collection":[{"href":"http:\/\/fecomercio-pe.com.br\/site\/wp-json\/wp\/v2\/posts"}],"about":[{"href":"http:\/\/fecomercio-pe.com.br\/site\/wp-json\/wp\/v2\/types\/post"}],"author":[{"embeddable":true,"href":"http:\/\/fecomercio-pe.com.br\/site\/wp-json\/wp\/v2\/users\/1"}],"replies":[{"embeddable":true,"href":"http:\/\/fecomercio-pe.com.br\/site\/wp-json\/wp\/v2\/comments?post=3910"}],"version-history":[{"count":1,"href":"http:\/\/fecomercio-pe.com.br\/site\/wp-json\/wp\/v2\/posts\/3910\/revisions"}],"predecessor-version":[{"id":3912,"href":"http:\/\/fecomercio-pe.com.br\/site\/wp-json\/wp\/v2\/posts\/3910\/revisions\/3912"}],"wp:featuredmedia":[{"embeddable":true,"href":"http:\/\/fecomercio-pe.com.br\/site\/wp-json\/wp\/v2\/media\/3911"}],"wp:attachment":[{"href":"http:\/\/fecomercio-pe.com.br\/site\/wp-json\/wp\/v2\/media?parent=3910"}],"wp:term":[{"taxonomy":"category","embeddable":true,"href":"http:\/\/fecomercio-pe.com.br\/site\/wp-json\/wp\/v2\/categories?post=3910"},{"taxonomy":"post_tag","embeddable":true,"href":"http:\/\/fecomercio-pe.com.br\/site\/wp-json\/wp\/v2\/tags?post=3910"}],"curies":[{"name":"wp","href":"https:\/\/api.w.org\/{rel}","templated":true}]}}