{"id":3884,"date":"2017-05-04T14:42:56","date_gmt":"2017-05-04T14:42:56","guid":{"rendered":"http:\/\/fecomercio-pe.com.br\/site\/?p=3884"},"modified":"2017-05-04T14:42:56","modified_gmt":"2017-05-04T14:42:56","slug":"percentual-de-familias-endividadas-tem-a-terceira-alta-mensal-consecutiva-em-abril","status":"publish","type":"post","link":"http:\/\/fecomercio-pe.com.br\/site\/percentual-de-familias-endividadas-tem-a-terceira-alta-mensal-consecutiva-em-abril\/","title":{"rendered":"Percentual de fam\u00edlias endividadas tem a terceira alta mensal consecutiva em abril"},"content":{"rendered":"<p><span style=\"color: #000000;\">A\u00a0Pesquisa de Endividamento e Inadimpl\u00eancia do Consumidor (Peic), apurada pela Confedera\u00e7\u00e3o Nacional do Com\u00e9rcio de Bens, Servi\u00e7os e Turismo (CNC), mostra que o percentual de fam\u00edlias endividadas alcan\u00e7ou 58,9% em abril de 2017, uma alta de 1 ponto percentual em compara\u00e7\u00e3o com o m\u00eas anterior e a terceira alta mensal consecutiva.<\/span><\/p>\n<p><span style=\"color: #000000;\">Apesar do avan\u00e7o mensal, o indicador permanece abaixo dos 59,6% registrados no mesmo per\u00edodo do ano passado. \u201cIsso mostra um ritmo ainda fraco de concess\u00e3o de empr\u00e9stimos e financiamentos para as fam\u00edlias\u201d, aponta Marianne Hanson, economista da CNC.<\/span><\/p>\n<p><span style=\"color: #000000;\"><strong>Inadimpl\u00eancia<\/p>\n<p><\/strong>Acompanhando a alta do percentual de fam\u00edlias endividadas, a propor\u00e7\u00e3o daquelas que possuem d\u00edvidas ou contas em atraso aumentou de 23,7% em mar\u00e7o para 24,1% em abril. Na compara\u00e7\u00e3o anual, o indicador tamb\u00e9m teve alta de 0,9 ponto percentual.<\/span><\/p>\n<p><span style=\"color: #000000;\">A parcela de fam\u00edlias que declararam n\u00e3o ter como pagar as d\u00edvidas, permanecendo inadimplentes, diminuiu na compara\u00e7\u00e3o mensal, alcan\u00e7ando 9,7% em abril ante 9,9% em mar\u00e7o. Essa foi a primeira queda do indicador no ano de 2017. Na compara\u00e7\u00e3o anual, no entanto, houve alta de 1,5 ponto percentual.<\/span><\/p>\n<p><span style=\"color: #000000;\">Tamb\u00e9m houve aumento na propor\u00e7\u00e3o de fam\u00edlias que se declararam muito endividadas: de mar\u00e7o para abril, o percentual subiu de 14,2% para 14,3% do total de fam\u00edlias. Na compara\u00e7\u00e3o anual, entretanto, houve pequena queda de 0,2 ponto percentual.<\/span><\/p>\n<p><span style=\"color: #000000;\"><strong>Prazo<\/p>\n<p><\/strong>O tempo m\u00e9dio de atraso para o pagamento de d\u00edvidas foi de 63,1 dias em abril de 2017, acima dos 61,8 dias de abril de 2016. Em m\u00e9dia, o comprometimento com as d\u00edvidas foi de 7,1 meses, sendo que 33,9% das fam\u00edlias possuem d\u00edvidas por mais de um ano. Entre aquelas endividadas, 21,5% afirmam ter mais da metade da sua renda mensal comprometida com o pagamento de d\u00edvidas.\u00a0<\/span><\/p>\n<p><span style=\"color: #000000;\">Para 76,6% das que possuem d\u00edvidas, o cart\u00e3o de cr\u00e9dito permanece como a principal forma de endividamento, seguido de carn\u00eas (15,3%) e financiamento de carro (10,6%).<\/span><\/p>\n<p><span style=\"color: #000000;\">A Pesquisa Nacional de Endividamento e Inadimpl\u00eancia do Consumidor (Peic Nacional) \u00e9 apurada mensalmente pela CNC desde janeiro de 2010. Os dados s\u00e3o coletados em todas as capitais dos Estados e no Distrito Federal, com cerca de 18.000 consumidores.<\/span><\/p>\n<p><span style=\"color: #000000;\"><strong><a style=\"color: #000000;\" href=\"http:\/\/emkt.cnc.org.br\/emkt\/tracer\/?2,4167806,d51e7a7c,0c5a,1\" data-saferedirecturl=\"https:\/\/www.google.com\/url?hl=pt-BR&amp;q=http:\/\/emkt.cnc.org.br\/emkt\/tracer\/?2,4167806,d51e7a7c,0c5a,1&amp;source=gmail&amp;ust=1493992385567000&amp;usg=AFQjCNEfHsxmP_vpmCIKLHCLoljq1yNk6Q\">Acesse a an\u00e1lise completa, os gr\u00e1ficos e a s\u00e9rie hist\u00f3rica da pesquisa.\u00a0<\/a><\/strong><\/span><\/p>\n","protected":false},"excerpt":{"rendered":"<p>Apesar do avan\u00e7o mensal, o indicador permanece abaixo dos 59,6% registrados no mesmo per\u00edodo do ano passado.<\/p>\n","protected":false},"author":1,"featured_media":3196,"comment_status":"open","ping_status":"open","sticky":false,"template":"","format":"standard","meta":{"footnotes":""},"categories":[3],"tags":[],"_links":{"self":[{"href":"http:\/\/fecomercio-pe.com.br\/site\/wp-json\/wp\/v2\/posts\/3884"}],"collection":[{"href":"http:\/\/fecomercio-pe.com.br\/site\/wp-json\/wp\/v2\/posts"}],"about":[{"href":"http:\/\/fecomercio-pe.com.br\/site\/wp-json\/wp\/v2\/types\/post"}],"author":[{"embeddable":true,"href":"http:\/\/fecomercio-pe.com.br\/site\/wp-json\/wp\/v2\/users\/1"}],"replies":[{"embeddable":true,"href":"http:\/\/fecomercio-pe.com.br\/site\/wp-json\/wp\/v2\/comments?post=3884"}],"version-history":[{"count":1,"href":"http:\/\/fecomercio-pe.com.br\/site\/wp-json\/wp\/v2\/posts\/3884\/revisions"}],"predecessor-version":[{"id":3885,"href":"http:\/\/fecomercio-pe.com.br\/site\/wp-json\/wp\/v2\/posts\/3884\/revisions\/3885"}],"wp:featuredmedia":[{"embeddable":true,"href":"http:\/\/fecomercio-pe.com.br\/site\/wp-json\/wp\/v2\/media\/3196"}],"wp:attachment":[{"href":"http:\/\/fecomercio-pe.com.br\/site\/wp-json\/wp\/v2\/media?parent=3884"}],"wp:term":[{"taxonomy":"category","embeddable":true,"href":"http:\/\/fecomercio-pe.com.br\/site\/wp-json\/wp\/v2\/categories?post=3884"},{"taxonomy":"post_tag","embeddable":true,"href":"http:\/\/fecomercio-pe.com.br\/site\/wp-json\/wp\/v2\/tags?post=3884"}],"curies":[{"name":"wp","href":"https:\/\/api.w.org\/{rel}","templated":true}]}}