{"id":3869,"date":"2017-05-03T12:28:06","date_gmt":"2017-05-03T12:28:06","guid":{"rendered":"http:\/\/fecomercio-pe.com.br\/site\/?p=3869"},"modified":"2017-05-03T12:28:06","modified_gmt":"2017-05-03T12:28:06","slug":"projeto-de-lei-aprovado-na-comissao-de-financas-e-tributacao-da-camara-dos-deputados-simplifica-abertura-de-empresas","status":"publish","type":"post","link":"http:\/\/fecomercio-pe.com.br\/site\/projeto-de-lei-aprovado-na-comissao-de-financas-e-tributacao-da-camara-dos-deputados-simplifica-abertura-de-empresas\/","title":{"rendered":"Projeto de Lei aprovado na Comiss\u00e3o de Finan\u00e7as e Tributa\u00e7\u00e3o da C\u00e2mara dos Deputados simplifica abertura de empresas"},"content":{"rendered":"<p><span style=\"color: #000000;\">A Comiss\u00e3o de Finan\u00e7as e Tributa\u00e7\u00e3o da C\u00e2mara dos Deputados aprovou proposta, do Senado Federal, que prop\u00f5e medidas para simplificar os procedimentos de registro e cancelamento de empresas.<\/span><\/p>\n<p><span style=\"color: #000000;\">Entre outros pontos, a proposta habilita \u00f3rg\u00e3os estaduais e municipais como agentes operacionais do Cadastro Nacional de Pessoas Jur\u00eddicas (CNPJ), com o objetivo de evitar a duplica\u00e7\u00e3o de registros.<\/span><\/p>\n<p><span style=\"color: #000000;\">O texto aprovado foi um <span class=\"termoGlossario\">substitutivo<\/span> do deputado Assis Carvalho (PT-PI) ao Projeto de Lei 411\/07. Na avalia\u00e7\u00e3o do relator, o texto original cont\u00e9m dispositivos \u201ctecnicamente deficientes, que amea\u00e7am a efic\u00e1cia da administra\u00e7\u00e3o tribut\u00e1ria e podem refletir-se negativamente sobre a arrecada\u00e7\u00e3o\u201d.\u00a0O parlamentar optou por substituir as medidas do texto original por sugest\u00e3o do deputado Paulo Azi (DEM-BA), que apresentou <span class=\"termoGlossario\">voto em separado<\/span>.<\/span><\/p>\n<p><span style=\"color: #000000;\">Ainda segundo Assis Carvalho, grande parte das iniciativas para diminuir o excesso de burocracia que constavam no projeto j\u00e1 foram adotadas pela Lei <a style=\"color: #000000;\" href=\"http:\/\/www2.camara.leg.br\/legin\/fed\/lei\/2007\/lei-11598-3-dezembro-2007-565460-normaatualizada-pl.html\" target=\"_blank\">11.598\/07<\/a>, que criou a Rede Nacional para a Simplifica\u00e7\u00e3o do Registro e da Legaliza\u00e7\u00e3o de Empresas e Neg\u00f3cios (Redesim).<\/span><\/p>\n<p><span style=\"color: #000000;\"><strong>Funcionamento imediato<\/strong><\/span><br \/>\n<span style=\"color: #000000;\">Com isso, a nova vers\u00e3o insere um dispositivo na lei para prever que empresas cujas atividades sejam classificadas como de baixo risco possam funcionar imediatamente ap\u00f3s o fornecimento de dados e a comprova\u00e7\u00e3o do cumprimento de exig\u00eancias perante o Redesim.<\/span><\/p>\n<p><span style=\"color: #000000;\">A legisla\u00e7\u00e3o j\u00e1 prev\u00ea que, salvo nos casos de atividades com grau de risco elevado que exijam vistoria pr\u00e9via por \u00f3rg\u00e3os p\u00fablicos espec\u00edficos, as empresas podem iniciar imediatamente suas atividades mediante a licen\u00e7a de funcionamento provis\u00f3rio.<\/span><\/p>\n<p><span style=\"color: #000000;\"><strong>Tramita\u00e7\u00e3o<\/strong><\/span><br \/>\n<span style=\"color: #000000;\"><strong>A proposta, que tramita com <span class=\"termoGlossario\">prioridade,\u00a0<\/span>ainda ser\u00e1 analisada de forma <span class=\"termoGlossario\">conclusiva<\/span> pela Constitui\u00e7\u00e3o e Justi\u00e7a e de Cidadania.<\/strong><\/span><\/p>\n<p><strong>Fonte: Ag\u00eancia C\u00e2mara<\/strong><\/p>\n","protected":false},"excerpt":{"rendered":"<p>Entre outros pontos, a proposta habilita \u00f3rg\u00e3os estaduais e municipais como agentes operacionais do Cadastro Nacional de Pessoas Jur\u00eddicas (CNPJ), com o objetivo de evitar a duplica\u00e7\u00e3o de registros.<\/p>\n","protected":false},"author":1,"featured_media":3870,"comment_status":"open","ping_status":"open","sticky":false,"template":"","format":"standard","meta":{"footnotes":""},"categories":[3],"tags":[],"_links":{"self":[{"href":"http:\/\/fecomercio-pe.com.br\/site\/wp-json\/wp\/v2\/posts\/3869"}],"collection":[{"href":"http:\/\/fecomercio-pe.com.br\/site\/wp-json\/wp\/v2\/posts"}],"about":[{"href":"http:\/\/fecomercio-pe.com.br\/site\/wp-json\/wp\/v2\/types\/post"}],"author":[{"embeddable":true,"href":"http:\/\/fecomercio-pe.com.br\/site\/wp-json\/wp\/v2\/users\/1"}],"replies":[{"embeddable":true,"href":"http:\/\/fecomercio-pe.com.br\/site\/wp-json\/wp\/v2\/comments?post=3869"}],"version-history":[{"count":1,"href":"http:\/\/fecomercio-pe.com.br\/site\/wp-json\/wp\/v2\/posts\/3869\/revisions"}],"predecessor-version":[{"id":3871,"href":"http:\/\/fecomercio-pe.com.br\/site\/wp-json\/wp\/v2\/posts\/3869\/revisions\/3871"}],"wp:featuredmedia":[{"embeddable":true,"href":"http:\/\/fecomercio-pe.com.br\/site\/wp-json\/wp\/v2\/media\/3870"}],"wp:attachment":[{"href":"http:\/\/fecomercio-pe.com.br\/site\/wp-json\/wp\/v2\/media?parent=3869"}],"wp:term":[{"taxonomy":"category","embeddable":true,"href":"http:\/\/fecomercio-pe.com.br\/site\/wp-json\/wp\/v2\/categories?post=3869"},{"taxonomy":"post_tag","embeddable":true,"href":"http:\/\/fecomercio-pe.com.br\/site\/wp-json\/wp\/v2\/tags?post=3869"}],"curies":[{"name":"wp","href":"https:\/\/api.w.org\/{rel}","templated":true}]}}