{"id":3867,"date":"2017-05-03T12:23:16","date_gmt":"2017-05-03T12:23:16","guid":{"rendered":"http:\/\/fecomercio-pe.com.br\/site\/?p=3867"},"modified":"2017-05-03T12:23:16","modified_gmt":"2017-05-03T12:23:16","slug":"ipc-s-recua-em-seis-capitais-na-ultima-semana-de-abril","status":"publish","type":"post","link":"http:\/\/fecomercio-pe.com.br\/site\/ipc-s-recua-em-seis-capitais-na-ultima-semana-de-abril\/","title":{"rendered":"IPC-S recua em seis capitais na \u00faltima semana de abril"},"content":{"rendered":"<p><span style=\"color: #000000;\">O \u00cdndice de Pre\u00e7os ao Consumidor Semanal (IPC-S) recuou em seis das sete capitais pesquisadas pela Funda\u00e7\u00e3o Getulio Vargas (FGV) na passagem da terceira para a quarta semana de abril. A maior queda foi observada em Salvador: 0,65 ponto percentual. Na capital baiana, o \u00edndice recuou de uma infla\u00e7\u00e3o de 0,12% para uma defla\u00e7\u00e3o (queda de pre\u00e7os) de 0,53%.<\/span><\/p>\n<p><span style=\"color: #000000;\">Outra cidade que deixou de registrar infla\u00e7\u00e3o (0,07%) e passou a ter defla\u00e7\u00e3o (-0,10%) foi S\u00e3o Paulo, onde a taxa recuou 0,17 ponto percentual. Em Belo Horizonte, que j\u00e1 tinha registrado defla\u00e7\u00e3o (-0,12%) na terceira semana de abril, a queda de pre\u00e7os se acentuou em 0,11 ponto percentual (-0,23%).<\/span><\/p>\n<p><span style=\"color: #000000;\">Mais tr\u00eas cidades tiveram queda no IPC-S, mas continuaram registrando infla\u00e7\u00e3o: Rio de Janeiro (-0,23 ponto percentual, ao passar de 0,85% para 0,62%), Recife (-0,18 ponto percentual, ao passar de 0,48% para 0,30%) e Bras\u00edlia (-0,14 ponto percentual, ao passar de 0,35% para 0,21%).<\/span><\/p>\n<p><span style=\"color: #000000;\">A \u00fanica cidade com alta na taxa foi Porto Alegre, onde o IPC-S subiu 0,05 ponto percentual, ao passar de 0,32% para 0,37%. A m\u00e9dia nacional do IPC-S, divulgada ontem (2), caiu 0,19 ponto percentual e chegou a 0,12%.<\/span><\/p>\n<p><strong>Fonte: Ag\u00eancia Brasil<\/strong><\/p>\n","protected":false},"excerpt":{"rendered":"<p> A maior queda foi observada em Salvador: 0,65 ponto percentual. Na capital baiana, o \u00edndice recuou de uma infla\u00e7\u00e3o de 0,12% para uma defla\u00e7\u00e3o (queda de pre\u00e7os) de 0,53%.<\/p>\n","protected":false},"author":1,"featured_media":3400,"comment_status":"open","ping_status":"open","sticky":false,"template":"","format":"standard","meta":{"footnotes":""},"categories":[3],"tags":[],"_links":{"self":[{"href":"http:\/\/fecomercio-pe.com.br\/site\/wp-json\/wp\/v2\/posts\/3867"}],"collection":[{"href":"http:\/\/fecomercio-pe.com.br\/site\/wp-json\/wp\/v2\/posts"}],"about":[{"href":"http:\/\/fecomercio-pe.com.br\/site\/wp-json\/wp\/v2\/types\/post"}],"author":[{"embeddable":true,"href":"http:\/\/fecomercio-pe.com.br\/site\/wp-json\/wp\/v2\/users\/1"}],"replies":[{"embeddable":true,"href":"http:\/\/fecomercio-pe.com.br\/site\/wp-json\/wp\/v2\/comments?post=3867"}],"version-history":[{"count":1,"href":"http:\/\/fecomercio-pe.com.br\/site\/wp-json\/wp\/v2\/posts\/3867\/revisions"}],"predecessor-version":[{"id":3868,"href":"http:\/\/fecomercio-pe.com.br\/site\/wp-json\/wp\/v2\/posts\/3867\/revisions\/3868"}],"wp:featuredmedia":[{"embeddable":true,"href":"http:\/\/fecomercio-pe.com.br\/site\/wp-json\/wp\/v2\/media\/3400"}],"wp:attachment":[{"href":"http:\/\/fecomercio-pe.com.br\/site\/wp-json\/wp\/v2\/media?parent=3867"}],"wp:term":[{"taxonomy":"category","embeddable":true,"href":"http:\/\/fecomercio-pe.com.br\/site\/wp-json\/wp\/v2\/categories?post=3867"},{"taxonomy":"post_tag","embeddable":true,"href":"http:\/\/fecomercio-pe.com.br\/site\/wp-json\/wp\/v2\/tags?post=3867"}],"curies":[{"name":"wp","href":"https:\/\/api.w.org\/{rel}","templated":true}]}}