{"id":3863,"date":"2017-05-02T14:16:45","date_gmt":"2017-05-02T14:16:45","guid":{"rendered":"http:\/\/fecomercio-pe.com.br\/site\/?p=3863"},"modified":"2017-05-02T14:17:05","modified_gmt":"2017-05-02T14:17:05","slug":"maioria-dos-subsetores-economicos-gerou-vagas-no-primeiro-trimestre-de-2017","status":"publish","type":"post","link":"http:\/\/fecomercio-pe.com.br\/site\/maioria-dos-subsetores-economicos-gerou-vagas-no-primeiro-trimestre-de-2017\/","title":{"rendered":"Maioria dos subsetores econ\u00f4micos gerou vagas no primeiro trimestre de 2017"},"content":{"rendered":"<p><span style=\"color: #000000;\">A Confedera\u00e7\u00e3o Nacional do Com\u00e9rcio de Bens, Servi\u00e7os e Turismo (CNC) mostra, por meio de levantamento feito com dados do Cadastro Geral de Empregados e Desempregados (Caged) do Minist\u00e9rio do Trabalho e Emprego, que a quantidade de vagas fechadas entre janeiro e mar\u00e7o de 2017 (-64.378) foi 78% menor do que aquela verificada no mesmo per\u00edodo de 2016 (-303.129). Apesar da retra\u00e7\u00e3o no total da ocupa\u00e7\u00e3o formal, a an\u00e1lise dos 25 setores que comp\u00f5em a for\u00e7a de trabalho do Pa\u00eds j\u00e1 permite observar recupera\u00e7\u00e3o de vagas em 13 segmentos, na compara\u00e7\u00e3o com os tr\u00eas primeiros meses do ano passado.<\/span><\/p>\n<p><span style=\"color: #000000;\">O setor terci\u00e1rio destacou-se pela gera\u00e7\u00e3o de vagas no com\u00e9rcio atacadista (+5.941) e no com\u00e9rcio e administra\u00e7\u00e3o de im\u00f3veis e valores mobili\u00e1rios (+2.148). Os setores prim\u00e1rio (agropecu\u00e1ria) e secund\u00e1rio (ind\u00fastria) foram os que mais reverteram o fechamento de vagas. De forma semelhante, dos 15 subsetores que comp\u00f5em a ind\u00fastria, oito reverteram os seus saldos negativos. Destacaram-se as ind\u00fastrias metal\u00fargica e t\u00eaxtil, que geraram 1.378 e 13.383 novos postos de trabalho, respectivamente.<\/span><\/p>\n<p><span style=\"color: #000000;\">\u201cA rea\u00e7\u00e3o de alguns segmentos do mercado de trabalho demonstra o in\u00edcio de uma retomada parcial da empregabilidade, que \u00e9 o principal entrave para o crescimento do consumo no Pa\u00eds\u201d, aponta Fabio Bentes, economista da CNC. \u201cO desempenho mais favor\u00e1vel da agropecu\u00e1ria e da ind\u00fastria em detrimento do setor terci\u00e1rio est\u00e1 associado ao maior aquecimento da demanda externa. A produ\u00e7\u00e3o industrial brasileira cresceu 0,3% no in\u00edcio de 2017, e o pre\u00e7o m\u00e9dio das exporta\u00e7\u00f5es nacionais avan\u00e7ou 21,3% ante o mesmo per\u00edodo do ano passado\u201d, complementa o economista.<\/span><\/p>\n<p><span style=\"color: #000000;\"><strong>Gera\u00e7\u00e3o de postos de trabalho por faixa et\u00e1ria<\/strong><\/span><\/p>\n<p><span style=\"color: #000000;\">A quantidade de postos de trabalho preenchida por jovens contrastou com o enxugamento de vagas voltadas para trabalhadores mais experientes. No primeiro trimestre de 2017, foram abertas 175,3 mil vagas para pessoas com at\u00e9 24 anos de idade, n\u00famero 120% maior do que aquele encontrado no mesmo per\u00edodo de 2016. Por outro lado, 239,7 mil vagas nas demais faixas et\u00e1rias foram eliminadas no acumulado de 2017, ante 382,9 mil nos tr\u00eas primeiros meses de 2016.<\/span><\/p>\n<p><span style=\"color: #000000;\"><strong>Gera\u00e7\u00e3o de postos de trabalho por grau de instru\u00e7\u00e3o<\/strong><\/span><\/p>\n<p><span style=\"color: #000000;\">A gera\u00e7\u00e3o de vagas no mercado formal favoreceu os trabalhadores mais qualificados. De janeiro a mar\u00e7o de 2017, foram abertas 60,8 mil vagas para empregados com n\u00edvel superior completo, n\u00famero 44,4% maior do que no mesmo per\u00edodo de 2016. Entre aqueles com n\u00edvel superior incompleto houve revers\u00e3o do saldo negativo do in\u00edcio do ano passado, com 2.308 novas vagas. Observa-se, por\u00e9m, que, em nove das dez profiss\u00f5es com maior gera\u00e7\u00e3o de postos de trabalho, o sal\u00e1rio m\u00e9dio de admiss\u00e3o percebido em mar\u00e7o de 2017 est\u00e1 abaixo da m\u00e9dia global de R$ 1.445,33.<\/span><\/p>\n<p><span style=\"color: #000000;\"><a style=\"color: #000000;\" href=\"http:\/\/emkt.cnc.org.br\/emkt\/tracer\/?2,4164472,b1279087,7957,1\" data-saferedirecturl=\"https:\/\/www.google.com\/url?hl=pt-BR&amp;q=http:\/\/emkt.cnc.org.br\/emkt\/tracer\/?2,4164472,b1279087,7957,1&amp;source=gmail&amp;ust=1493820466904000&amp;usg=AFQjCNH8G95zwNtLh5ja39CGdlG9_Esshw\">Acesse a nota completa com a an\u00e1lise da Divis\u00e3o Econ\u00f4mica da CNC.\u00a0<\/a><\/span><\/p>\n<p><strong>Fonte: CNC<\/strong><\/p>\n","protected":false},"excerpt":{"rendered":"<p>Apesar do saldo agregado negativo de vagas geradas nos tr\u00eas primeiros meses do ano, 13 dos 25 subsetores de atividade geraram postos formais de trabalho. Trabalhadores jovens e qualificados responderam pela maior parte das vagas criadas <\/p>\n","protected":false},"author":1,"featured_media":3864,"comment_status":"open","ping_status":"open","sticky":false,"template":"","format":"standard","meta":{"footnotes":""},"categories":[3],"tags":[],"_links":{"self":[{"href":"http:\/\/fecomercio-pe.com.br\/site\/wp-json\/wp\/v2\/posts\/3863"}],"collection":[{"href":"http:\/\/fecomercio-pe.com.br\/site\/wp-json\/wp\/v2\/posts"}],"about":[{"href":"http:\/\/fecomercio-pe.com.br\/site\/wp-json\/wp\/v2\/types\/post"}],"author":[{"embeddable":true,"href":"http:\/\/fecomercio-pe.com.br\/site\/wp-json\/wp\/v2\/users\/1"}],"replies":[{"embeddable":true,"href":"http:\/\/fecomercio-pe.com.br\/site\/wp-json\/wp\/v2\/comments?post=3863"}],"version-history":[{"count":2,"href":"http:\/\/fecomercio-pe.com.br\/site\/wp-json\/wp\/v2\/posts\/3863\/revisions"}],"predecessor-version":[{"id":3866,"href":"http:\/\/fecomercio-pe.com.br\/site\/wp-json\/wp\/v2\/posts\/3863\/revisions\/3866"}],"wp:featuredmedia":[{"embeddable":true,"href":"http:\/\/fecomercio-pe.com.br\/site\/wp-json\/wp\/v2\/media\/3864"}],"wp:attachment":[{"href":"http:\/\/fecomercio-pe.com.br\/site\/wp-json\/wp\/v2\/media?parent=3863"}],"wp:term":[{"taxonomy":"category","embeddable":true,"href":"http:\/\/fecomercio-pe.com.br\/site\/wp-json\/wp\/v2\/categories?post=3863"},{"taxonomy":"post_tag","embeddable":true,"href":"http:\/\/fecomercio-pe.com.br\/site\/wp-json\/wp\/v2\/tags?post=3863"}],"curies":[{"name":"wp","href":"https:\/\/api.w.org\/{rel}","templated":true}]}}