{"id":3849,"date":"2017-04-27T11:32:25","date_gmt":"2017-04-27T11:32:25","guid":{"rendered":"http:\/\/fecomercio-pe.com.br\/site\/?p=3849"},"modified":"2017-04-27T11:49:51","modified_gmt":"2017-04-27T11:49:51","slug":"fecomercio-pe-participa-da-8a-reuniao-extraordinaria-da-renalegis-em-salvador","status":"publish","type":"post","link":"http:\/\/fecomercio-pe.com.br\/site\/fecomercio-pe-participa-da-8a-reuniao-extraordinaria-da-renalegis-em-salvador\/","title":{"rendered":"Fecom\u00e9rcio-PE participa da 8\u00aa Reuni\u00e3o Extraordin\u00e1ria da Renalegis em Salvador"},"content":{"rendered":"<p><span style=\"color: #000000;\">Reunidos na Casa do Com\u00e9rcio da Bahia no dia 31\/03, Assessores Legislativos das Federa\u00e7\u00f5es do Com\u00e9rcio de Bens, Servi\u00e7os e Turismo do pa\u00eds participaram da 8\u00aa Reuni\u00e3o Extraordin\u00e1ria da Rede Nacional de Assessorias Legislativas da Confedera\u00e7\u00e3o Nacional do Com\u00e9rcio (Renalegis-CNC) e levaram para discuss\u00e3o 18 propostas de lei em tramita\u00e7\u00e3o no Congresso Nacional que afetam, direta ou indiretamente, o setor empresarial nos seus mais diversos segmentos.<\/span><\/p>\n<p><span style=\"color: #000000;\">Os grandes debates ficaram por conta da an\u00e1lise do PL 559\/2015, de autoria do deputado Jorge Solla (PT\/BA), que pretende desmembrar o Sistema S do Com\u00e9rcio para a cria\u00e7\u00e3o do S da Sa\u00fade; do PL 6787\/2016, de autoria do Poder Executivo, que busca modernizar as rela\u00e7\u00f5es de trabalho com uma reforma trabalhista; a PEC 287\/2016, tamb\u00e9m do Executivo Federal, que reforma substancialmente a seguridade social; e, por fim, o PLP 340\/2017, que prev\u00ea a elimina\u00e7\u00e3o gradativa da multa adicional da contribui\u00e7\u00e3o devida (FGTS) pelos empregadores em caso de despedida de empregado sem justa causa.<\/span><\/p>\n<p><span style=\"color: #000000;\">Como contribui\u00e7\u00e3o, a Fecom\u00e9rcio-PE levou para debate os PLs 4968\/2016, de autoria do deputado Luiz Lauro Filho (PSB\/SP) e o 6784\/2016, de autoria do deputado Carlos Bezerra (PMDB\/MT). Enquanto que o primeiro, em linhas gerais, pretender ampliar o tempo de descanso para funcion\u00e1rias lactantes durante a jornada de trabalho cuja empresa n\u00e3o possua local apropriado para realizar a amamenta\u00e7\u00e3o, o segundo busca acrescentar artigo \u00e0 Consolida\u00e7\u00e3o das Leis do Trabalho (CLT) para dispor sobre o afastamento da mulher do seu local de trabalho por at\u00e9 tr\u00eas dias ao m\u00eas durante seu per\u00edodo menstrual.<\/span><\/p>\n<p><span style=\"color: #000000;\">O Assessor Legislativo, C\u00e9sar Souza, posicionou a entidade contr\u00e1ria a ambas as mat\u00e9rias, visto que, embora considere relevantes quanto aos aspectos como o respeito ao sistema biol\u00f3gico da mulher e o da prote\u00e7\u00e3o a maternidade, entende-se que a ado\u00e7\u00e3o e consequente amplia\u00e7\u00e3o de direitos para a mulher poder\u00e1 prejudic\u00e1-las no mercado de trabalho, diante de comprovada competi\u00e7\u00e3o com a m\u00e3o de obra masculina.<\/span><\/p>\n<p><span style=\"color: #000000;\">Dessa forma, essas propostas poder\u00e3o, ainda que de forma velada, levar as empresas a adotarem restri\u00e7\u00f5es quanto a contrata\u00e7\u00e3o de m\u00e3o de obra feminina, exatamente no momento atual de crise econ\u00f4mica, que aponta mais de 12 milh\u00f5es de desempregados no pa\u00eds.<\/span><\/p>\n<p><span style=\"color: #000000;\">Por fim, a Fecom\u00e9rcio-PE v\u00ea que qualquer forma de diferenciar uma classe, ra\u00e7a ou sexo por meio da altera\u00e7\u00e3o de diplomas legais tende a fomentar a diferencia\u00e7\u00e3o dos g\u00eaneros, e n\u00e3o os igualar, como objetiva, em tese, as propostas levadas para debate pela entidade.<\/span><\/p>\n<p><span style=\"color: #000000;\"><strong>Fonte: Assessoria Legislativa Fecom\u00e9rcio-PE<\/strong><\/span><\/p>\n","protected":false},"excerpt":{"rendered":"<p>Como contribui\u00e7\u00e3o, a Fecom\u00e9rcio-PE levou para debate os PLs 4968\/2016, de autoria do deputado Luiz Lauro Filho (PSB\/SP) e o 6784\/2016, de autoria do deputado Carlos Bezerra (PMDB\/MT)<\/p>\n","protected":false},"author":1,"featured_media":3850,"comment_status":"open","ping_status":"open","sticky":false,"template":"","format":"standard","meta":{"footnotes":""},"categories":[3],"tags":[],"_links":{"self":[{"href":"http:\/\/fecomercio-pe.com.br\/site\/wp-json\/wp\/v2\/posts\/3849"}],"collection":[{"href":"http:\/\/fecomercio-pe.com.br\/site\/wp-json\/wp\/v2\/posts"}],"about":[{"href":"http:\/\/fecomercio-pe.com.br\/site\/wp-json\/wp\/v2\/types\/post"}],"author":[{"embeddable":true,"href":"http:\/\/fecomercio-pe.com.br\/site\/wp-json\/wp\/v2\/users\/1"}],"replies":[{"embeddable":true,"href":"http:\/\/fecomercio-pe.com.br\/site\/wp-json\/wp\/v2\/comments?post=3849"}],"version-history":[{"count":2,"href":"http:\/\/fecomercio-pe.com.br\/site\/wp-json\/wp\/v2\/posts\/3849\/revisions"}],"predecessor-version":[{"id":3852,"href":"http:\/\/fecomercio-pe.com.br\/site\/wp-json\/wp\/v2\/posts\/3849\/revisions\/3852"}],"wp:featuredmedia":[{"embeddable":true,"href":"http:\/\/fecomercio-pe.com.br\/site\/wp-json\/wp\/v2\/media\/3850"}],"wp:attachment":[{"href":"http:\/\/fecomercio-pe.com.br\/site\/wp-json\/wp\/v2\/media?parent=3849"}],"wp:term":[{"taxonomy":"category","embeddable":true,"href":"http:\/\/fecomercio-pe.com.br\/site\/wp-json\/wp\/v2\/categories?post=3849"},{"taxonomy":"post_tag","embeddable":true,"href":"http:\/\/fecomercio-pe.com.br\/site\/wp-json\/wp\/v2\/tags?post=3849"}],"curies":[{"name":"wp","href":"https:\/\/api.w.org\/{rel}","templated":true}]}}