{"id":3827,"date":"2017-04-24T18:57:46","date_gmt":"2017-04-24T18:57:46","guid":{"rendered":"http:\/\/fecomercio-pe.com.br\/site\/?p=3827"},"modified":"2017-04-24T18:57:46","modified_gmt":"2017-04-24T18:57:46","slug":"procura-por-credito-cai-4-no-primeiro-trimestre","status":"publish","type":"post","link":"http:\/\/fecomercio-pe.com.br\/site\/procura-por-credito-cai-4-no-primeiro-trimestre\/","title":{"rendered":"Procura por cr\u00e9dito cai 4% no primeiro trimestre"},"content":{"rendered":"<p><span style=\"color: #000000;\">A procura por cr\u00e9dito ao consumidor caiu 4% no primeiro trimestre na compara\u00e7\u00e3o com o mesmo per\u00edodo de 2016. A constata\u00e7\u00e3o \u00e9 de pesquisa da Boa Vista SCPC, empresa de informa\u00e7\u00f5es de cr\u00e9dito. Os dados nacionais mostram ainda que, na avalia\u00e7\u00e3o dos valores acumulados em 12 meses (abril de 2016 at\u00e9 mar\u00e7o de 2017), houve queda de 9,3%. Na compara\u00e7\u00e3o de mar\u00e7o com fevereiro houve alta de 2,2%, considerando dados com ajuste sazonal (feriados, por exemplo).<\/span><\/p>\n<p><span style=\"color: #000000;\">A avalia\u00e7\u00e3o em 12 meses mostrou que nas institui\u00e7\u00f5es financeiras houve queda de 13,7% na busca por cr\u00e9dito, enquanto para o segmento n\u00e3o financeiro a diminui\u00e7\u00e3o foi de 6,7%. De acordo com a empresa pesquisadora, os resultados da tend\u00eancia do indicador ainda sinalizam uma demanda por cr\u00e9dito fragilizada.<\/span><\/p>\n<p><span style=\"color: #000000;\">\u201cFatores como altas taxas de juros, rendimentos reais negativos e desemprego elevado ainda se mostram como vari\u00e1veis condicionantes deste cen\u00e1rio, e imp\u00f5em mais cautela e avers\u00e3o ao consumo por parte das fam\u00edlias. Apesar disto, a perspectiva de redu\u00e7\u00e3o de juros e de infla\u00e7\u00e3o deve aumentar a confian\u00e7a dos agentes e contribuir para a retomada do crescimento da procura por cr\u00e9dito a partir do segundo semestre deste ano\u201d, finaliza boletim da empresa.<\/span><\/p>\n<p><span style=\"color: #000000;\"><strong>Fonte: Ag\u00eancia Brasil<\/strong><\/span><\/p>\n","protected":false},"excerpt":{"rendered":"<p>A avalia\u00e7\u00e3o em 12 meses mostrou que nas institui\u00e7\u00f5es financeiras houve queda de 13,7% na busca por cr\u00e9dito, enquanto para o segmento n\u00e3o financeiro a diminui\u00e7\u00e3o foi de 6,7%.<\/p>\n","protected":false},"author":1,"featured_media":3130,"comment_status":"open","ping_status":"open","sticky":false,"template":"","format":"standard","meta":{"footnotes":""},"categories":[3],"tags":[],"_links":{"self":[{"href":"http:\/\/fecomercio-pe.com.br\/site\/wp-json\/wp\/v2\/posts\/3827"}],"collection":[{"href":"http:\/\/fecomercio-pe.com.br\/site\/wp-json\/wp\/v2\/posts"}],"about":[{"href":"http:\/\/fecomercio-pe.com.br\/site\/wp-json\/wp\/v2\/types\/post"}],"author":[{"embeddable":true,"href":"http:\/\/fecomercio-pe.com.br\/site\/wp-json\/wp\/v2\/users\/1"}],"replies":[{"embeddable":true,"href":"http:\/\/fecomercio-pe.com.br\/site\/wp-json\/wp\/v2\/comments?post=3827"}],"version-history":[{"count":1,"href":"http:\/\/fecomercio-pe.com.br\/site\/wp-json\/wp\/v2\/posts\/3827\/revisions"}],"predecessor-version":[{"id":3828,"href":"http:\/\/fecomercio-pe.com.br\/site\/wp-json\/wp\/v2\/posts\/3827\/revisions\/3828"}],"wp:featuredmedia":[{"embeddable":true,"href":"http:\/\/fecomercio-pe.com.br\/site\/wp-json\/wp\/v2\/media\/3130"}],"wp:attachment":[{"href":"http:\/\/fecomercio-pe.com.br\/site\/wp-json\/wp\/v2\/media?parent=3827"}],"wp:term":[{"taxonomy":"category","embeddable":true,"href":"http:\/\/fecomercio-pe.com.br\/site\/wp-json\/wp\/v2\/categories?post=3827"},{"taxonomy":"post_tag","embeddable":true,"href":"http:\/\/fecomercio-pe.com.br\/site\/wp-json\/wp\/v2\/tags?post=3827"}],"curies":[{"name":"wp","href":"https:\/\/api.w.org\/{rel}","templated":true}]}}