{"id":3825,"date":"2017-04-24T12:39:36","date_gmt":"2017-04-24T12:39:36","guid":{"rendered":"http:\/\/fecomercio-pe.com.br\/site\/?p=3825"},"modified":"2017-04-24T12:39:36","modified_gmt":"2017-04-24T12:39:36","slug":"mercado-reduz-estimativa-de-inflacao-e-ve-alta-maior-do-pib-em-2017","status":"publish","type":"post","link":"http:\/\/fecomercio-pe.com.br\/site\/mercado-reduz-estimativa-de-inflacao-e-ve-alta-maior-do-pib-em-2017\/","title":{"rendered":"Mercado reduz estimativa de infla\u00e7\u00e3o e v\u00ea alta maior do PIB em 2017"},"content":{"rendered":"<div class=\"mc-column content-text active-extra-styles active-capital-letter\" data-block-type=\"unstyled\" data-block-weight=\"26\">\n<p class=\"content-text__container theme-color-primary-first-letter\" data-track-category=\"Link no Texto\" data-track-links=\"\"><span style=\"color: #000000;\">Os economistas do mercado financeiro estimam um comportamento melhor para a infla\u00e7\u00e3o neste ano e, tamb\u00e9m, uma alta maior do Produto Interno Bruto (PIB) em 2017.<\/span><\/p>\n<\/div>\n<div class=\"mc-column content-text active-extra-styles \" data-block-type=\"unstyled\" data-block-weight=\"37\">\n<p class=\"content-text__container \" data-track-category=\"Link no Texto\" data-track-links=\"\"><span style=\"color: #000000;\">As expectativas dos analistas do mercado financeiro foram coletadas pelo Banco Central na semana passada e divulgadas nesta segunda-feira (24) por meio do relat\u00f3rio de mercado, tamb\u00e9m conhecido como Focus. Mais de cem institui\u00e7\u00f5es financeiras foram ouvidas.<\/span><\/p>\n<\/div>\n<div class=\"mc-column content-text active-extra-styles \" data-block-type=\"unstyled\" data-block-weight=\"35\">\n<p class=\"content-text__container \" data-track-category=\"Link no Texto\" data-track-links=\"\"><span style=\"color: #000000;\">Para o comportamento do \u00cdndice Nacional de Pre\u00e7os ao Consumidor Amplo (IPCA) em 2017, a &#8220;infla\u00e7\u00e3o oficial&#8221; do pa\u00eds, o mercado baixou sua previs\u00e3o de 4,06% para 4,04%. Foi a s\u00e9tima redu\u00e7\u00e3o seguida do indicador.<\/span><\/p>\n<\/div>\n<div class=\"mc-column content-text active-extra-styles \" data-block-type=\"unstyled\" data-block-weight=\"49\">\n<p class=\"content-text__container \" data-track-category=\"Link no Texto\" data-track-links=\"\"><span style=\"color: #000000;\">Com isso, manteve a expectativa de que a infla\u00e7\u00e3o deste ano ficar\u00e1 abaixo da meta central, que \u00e9 de 4,5%. A meta de infla\u00e7\u00e3o \u00e9 fixada pelo Conselho Monet\u00e1rio Nacional (CMN) e deve ser perseguida pelo Banco Central, que para isso eleva ou reduz a taxa de juros (Selic).<\/span><\/p>\n<\/div>\n<div class=\"mc-column content-text active-extra-styles \" data-block-type=\"unstyled\" data-block-weight=\"34\">\n<p class=\"content-text__container \" data-track-category=\"Link no Texto\" data-track-links=\"\"><span style=\"color: #000000;\">A meta central de infla\u00e7\u00e3o n\u00e3o \u00e9 atingida no Brasil desde 2009. Naquele momento, o pa\u00eds ainda sentia os efeitos da crise financeira internacional de forma mais intensa, que acabou se espalhando pelo mundo.<\/span><\/p>\n<\/div>\n<div class=\"mc-column content-text active-extra-styles \" data-block-type=\"unstyled\" data-block-weight=\"61\">\n<p class=\"content-text__container \" data-track-category=\"Link no Texto\" data-track-links=\"\"><span style=\"color: #000000;\">Pelo sistema vigente no Brasil, a meta de infla\u00e7\u00e3o \u00e9 considerada formalmente cumprida quando o IPCA fica dentro do intervalo de toler\u00e2ncia tamb\u00e9m fixado pelo CMN. Para 2017, esse intervalo \u00e9 de 1,5 ponto percentual para baixo ou para cima do centro da meta. Assim, o BC ter\u00e1 cumprido a meta se o IPCA terminar este ano entre 3% e 6%.<\/span><\/p>\n<\/div>\n<div class=\"mc-column content-text active-extra-styles \" data-block-type=\"unstyled\" data-block-weight=\"36\">\n<p class=\"content-text__container \" data-track-category=\"Link no Texto\" data-track-links=\"\"><span style=\"color: #000000;\">No ano passado, a infla\u00e7\u00e3o ficou acima da meta central, mas dentro do intervalo definido pelo CMN. J\u00e1 em 2015, a meta foi descumprida pelo BC &#8211; naquele ano, a infla\u00e7\u00e3o superou a barreira dos 10%.<\/span><\/p>\n<\/div>\n<div class=\"mc-column content-text active-extra-styles \" data-block-type=\"unstyled\" data-block-weight=\"40\">\n<p class=\"content-text__container \" data-track-category=\"Link no Texto\" data-track-links=\"\"><span style=\"color: #000000;\">Para 2018, a previs\u00e3o do mercado financeiro para a infla\u00e7\u00e3o recuou de 4,39% para 4,32%. O \u00edndice est\u00e1 abaixo da meta central de infla\u00e7\u00e3o para o per\u00edodo (4,5%) e tamb\u00e9m do teto de 6% fixado para o ano que vem.<\/span><\/p>\n<\/div>\n<div class=\"mc-column content-text active-extra-styles\" data-block-type=\"raw\" data-block-weight=\"3\">\n<div class=\"content-intertitle\">\n<h2><span style=\"color: #000000;\"><strong>Produto Interno Bruto<\/strong><\/span><\/h2>\n<\/div>\n<\/div>\n<div class=\"mc-column content-text active-extra-styles \" data-block-type=\"unstyled\" data-block-weight=\"20\">\n<p class=\"content-text__container \" data-track-category=\"Link no Texto\" data-track-links=\"\"><span style=\"color: #000000;\">Para o Produto Interno Bruto (PIB) de 2017, o mercado financeiro elevou sua estimativa de crescimento de 0,40% para 0,43%.<\/span><\/p>\n<div class=\"content-ads content-ads--reveal\"><\/div>\n<div class=\"mc-column content-text active-extra-styles \" data-block-type=\"unstyled\" data-block-weight=\"30\">\n<p class=\"content-text__container \" data-track-category=\"Link no Texto\" data-track-links=\"\"><span style=\"color: #000000;\">O PIB \u00e9 a soma de todos os bens e servi\u00e7os feitos no pa\u00eds, independentemente da nacionalidade de quem os produz, e serve para medir o comportamento da economia brasileira.<\/span><\/p>\n<\/div>\n<div class=\"mc-column content-text active-extra-styles \" data-block-type=\"unstyled\" data-block-weight=\"30\">\n<p class=\"content-text__container \" data-track-category=\"Link no Texto\" data-track-links=\"\"><span style=\"color: #000000;\">Em 2016, o PIB brasileiro caiu pelo segundo ano seguido e confirmou a pior recess\u00e3o da hist\u00f3ria do pa\u00eds, segundo dados divulgados pelo Instituto Brasileiro de Geografia e Estat\u00edstica (IBGE).<\/span><\/p>\n<\/div>\n<div class=\"mc-column content-text active-extra-styles \" data-block-type=\"unstyled\" data-block-weight=\"17\">\n<p class=\"content-text__container \" data-track-category=\"Link no Texto\" data-track-links=\"\"><span style=\"color: #000000;\">Para 2018, os economistas das institui\u00e7\u00f5es financeiras mantiveram sua estimativa de expans\u00e3o do PIB est\u00e1vel em 2,50%.<\/span><\/p>\n<\/div>\n<div class=\"mc-column content-text active-extra-styles\" data-block-type=\"raw\" data-block-weight=\"3\">\n<div class=\"content-intertitle\">\n<h2><span style=\"color: #000000;\"><strong>Taxa de juros<\/strong><\/span><\/h2>\n<\/div>\n<\/div>\n<div class=\"mc-column content-text active-extra-styles \" data-block-type=\"unstyled\" data-block-weight=\"44\">\n<p class=\"content-text__container \" data-track-category=\"Link no Texto\" data-track-links=\"\"><span style=\"color: #000000;\">O mercado financeiro manteve sua previs\u00e3o para a taxa b\u00e1sica de juros da economia, a Selic, em 8,5% ao ano no fechamento de 2017. Ou seja, os analistas continuam estimando novas redu\u00e7\u00f5es de juros neste ano. Atualmente, a Selic est\u00e1 em 11,25% ao ano.<\/span><\/p>\n<\/div>\n<div class=\"mc-column content-text active-extra-styles \" data-block-type=\"unstyled\" data-block-weight=\"32\">\n<p class=\"content-text__container \" data-track-category=\"Link no Texto\" data-track-links=\"\"><span style=\"color: #000000;\">Para o fechamento de 2018, a estimativa dos economistas dos bancos para a taxa Selic continuou em 8,5% ao ano. Com isso, estimaram que os juros ficar\u00e3o est\u00e1veis no ano que vem.<\/span><\/p>\n<\/div>\n<div class=\"mc-column content-text active-extra-styles \" data-block-type=\"unstyled\" data-block-weight=\"34\">\n<p class=\"content-text__container \" data-track-category=\"Link no Texto\" data-track-links=\"\"><span style=\"color: #000000;\">A taxa b\u00e1sica de juros \u00e9 o principal instrumento do BC para tentar conter press\u00f5es inflacion\u00e1rias. A institui\u00e7\u00e3o tem de calibrar os juros para atingir \u00edndices pr\u00e9-determinados pelo sistema de metas de infla\u00e7\u00e3o brasileiro.<\/span><\/p>\n<\/div>\n<div class=\"mc-column content-text active-extra-styles \" data-block-type=\"unstyled\" data-block-weight=\"29\">\n<p class=\"content-text__container \" data-track-category=\"Link no Texto\" data-track-links=\"\"><span style=\"color: #000000;\">As taxas mais altas tendem a reduzir o consumo e o cr\u00e9dito, o que pode contribuir para o controle dos pre\u00e7os. Entretanto, tamb\u00e9m prejudicam a economia e geram desemprego.<\/span><\/p>\n<\/div>\n<div class=\"mc-column content-text active-extra-styles\" data-block-type=\"raw\" data-block-weight=\"4\">\n<div class=\"content-intertitle\">\n<h2><span style=\"color: #000000;\"><strong>C\u00e2mbio, balan\u00e7a e investimentos<\/strong><\/span><\/h2>\n<\/div>\n<\/div>\n<div class=\"mc-column content-text active-extra-styles \" data-block-type=\"unstyled\" data-block-weight=\"44\">\n<p class=\"content-text__container \" data-track-category=\"Link no Texto\" data-track-links=\"\"><span style=\"color: #000000;\">Na edi\u00e7\u00e3o desta semana do relat\u00f3rio Focus, a proje\u00e7\u00e3o do mercado financeiro para a taxa de c\u00e2mbio no fim de 2017 permaneceu em R$ 3,23. Para o fechamento de 2018, a previs\u00e3o dos economistas para o d\u00f3lar recuou de R$ 3,40 para R$ 3,38.<\/span><\/p>\n<\/div>\n<div class=\"mc-column content-text active-extra-styles \" data-block-type=\"unstyled\" data-block-weight=\"52\">\n<p class=\"content-text__container \" data-track-category=\"Link no Texto\" data-track-links=\"\"><span style=\"color: #000000;\">A proje\u00e7\u00e3o do relat\u00f3rio Focus para o resultado da balan\u00e7a comercial (resultado do total de exporta\u00e7\u00f5es menos as importa\u00e7\u00f5es) em 2017 subiu de US$ 52 bilh\u00f5es para US$ 53 bilh\u00f5es de resultado positivo. Para o pr\u00f3ximo ano, a estimativa dos especialistas do mercado para o super\u00e1vit ficou est\u00e1vel em US$ 42 bilh\u00f5es.<\/span><\/p>\n<\/div>\n<div class=\"mc-column content-text active-extra-styles \" data-block-type=\"unstyled\" data-block-weight=\"34\">\n<p class=\"content-text__container \" data-track-category=\"Link no Texto\" data-track-links=\"\"><span style=\"color: #000000;\">A proje\u00e7\u00e3o do relat\u00f3rio para a entrada de investimentos estrangeiros diretos no Brasil em 2017 ficou est\u00e1vel em US$ 75 bilh\u00f5es. Para 2018, a estimativa dos analistas permaneceu inalterada tamb\u00e9m em US$ 75 bilh\u00f5es.<\/span><\/p>\n<p class=\"content-text__container \" data-track-category=\"Link no Texto\" data-track-links=\"\"><span style=\"color: #000000;\"><strong>Fonte: G1<\/strong><\/span><\/p>\n<\/div>\n<\/div>\n","protected":false},"excerpt":{"rendered":"<p>Para o comportamento do \u00cdndice Nacional de Pre\u00e7os ao Consumidor Amplo (IPCA) em 2017, a &#8220;infla\u00e7\u00e3o oficial&#8221; do pa\u00eds, o mercado baixou sua previs\u00e3o de 4,06% para 4,04%. Foi a s\u00e9tima redu\u00e7\u00e3o seguida do indicador.<\/p>\n","protected":false},"author":1,"featured_media":3567,"comment_status":"open","ping_status":"open","sticky":false,"template":"","format":"standard","meta":{"footnotes":""},"categories":[3],"tags":[],"_links":{"self":[{"href":"http:\/\/fecomercio-pe.com.br\/site\/wp-json\/wp\/v2\/posts\/3825"}],"collection":[{"href":"http:\/\/fecomercio-pe.com.br\/site\/wp-json\/wp\/v2\/posts"}],"about":[{"href":"http:\/\/fecomercio-pe.com.br\/site\/wp-json\/wp\/v2\/types\/post"}],"author":[{"embeddable":true,"href":"http:\/\/fecomercio-pe.com.br\/site\/wp-json\/wp\/v2\/users\/1"}],"replies":[{"embeddable":true,"href":"http:\/\/fecomercio-pe.com.br\/site\/wp-json\/wp\/v2\/comments?post=3825"}],"version-history":[{"count":1,"href":"http:\/\/fecomercio-pe.com.br\/site\/wp-json\/wp\/v2\/posts\/3825\/revisions"}],"predecessor-version":[{"id":3826,"href":"http:\/\/fecomercio-pe.com.br\/site\/wp-json\/wp\/v2\/posts\/3825\/revisions\/3826"}],"wp:featuredmedia":[{"embeddable":true,"href":"http:\/\/fecomercio-pe.com.br\/site\/wp-json\/wp\/v2\/media\/3567"}],"wp:attachment":[{"href":"http:\/\/fecomercio-pe.com.br\/site\/wp-json\/wp\/v2\/media?parent=3825"}],"wp:term":[{"taxonomy":"category","embeddable":true,"href":"http:\/\/fecomercio-pe.com.br\/site\/wp-json\/wp\/v2\/categories?post=3825"},{"taxonomy":"post_tag","embeddable":true,"href":"http:\/\/fecomercio-pe.com.br\/site\/wp-json\/wp\/v2\/tags?post=3825"}],"curies":[{"name":"wp","href":"https:\/\/api.w.org\/{rel}","templated":true}]}}