{"id":3823,"date":"2017-04-24T12:26:34","date_gmt":"2017-04-24T12:26:34","guid":{"rendered":"http:\/\/fecomercio-pe.com.br\/site\/?p=3823"},"modified":"2017-04-24T12:26:34","modified_gmt":"2017-04-24T12:26:34","slug":"camara-aprova-pedido-de-urgencia-a-proposta-de-reforma-trabalhista","status":"publish","type":"post","link":"http:\/\/fecomercio-pe.com.br\/site\/camara-aprova-pedido-de-urgencia-a-proposta-de-reforma-trabalhista\/","title":{"rendered":"C\u00e2mara aprova pedido de urg\u00eancia \u00e0 proposta de reforma trabalhista"},"content":{"rendered":"<p><span style=\"color: #000000;\">O Plen\u00e1rio da C\u00e2mara dos Deputados aprovou nesta quarta-feira (19\/04), por 287 votos a 144, o regime de<span class=\"apple-converted-space\">\u00a0<\/span><span class=\"termoglossario\">urg\u00eancia<\/span><span class=\"apple-converted-space\">\u00a0<\/span>para o projeto de lei da reforma trabalhista (PL<span class=\"apple-converted-space\">\u00a0<\/span><a style=\"color: #000000;\" href=\"http:\/\/www2.camara.leg.br\/camaranoticias\/noticias\/TRABALHO-E-PREVIDENCIA\/521874-PROPOSTA-ESTABELECE-PREVALENCIA-DE-ACORDO-COLETIVO-SOBRE-LEGISLACAO-TRABALHISTA.html\" target=\"_blank\">6787\/16<\/a>). Na noite anterior, o Plen\u00e1rio<span class=\"apple-converted-space\">\u00a0<\/span><a style=\"color: #000000;\" href=\"http:\/\/www2.camara.leg.br\/camaranoticias\/noticias\/TRABALHO-E-PREVIDENCIA\/530144-CAMARA-REJEITA-PEDIDO-DE-URGENCIA-A-PROPOSTA-DE-REFORMA-TRABALHISTA.html\" target=\"_blank\">havia rejeitado<\/a><span class=\"apple-converted-space\">\u00a0<\/span>a urg\u00eancia para a mat\u00e9ria por falta de votos, pois obteve apoio de apenas 230 parlamentares, quando o necess\u00e1rio \u00e9 257.<\/span><\/p>\n<p><span style=\"color: #000000;\">Com a aprova\u00e7\u00e3o da urg\u00eancia, n\u00e3o ser\u00e1 poss\u00edvel<span class=\"apple-converted-space\">\u00a0<\/span><span class=\"termoglossario\">pedir vista<\/span><span class=\"apple-converted-space\">\u00a0<\/span>ou emendar o texto na comiss\u00e3o especial que analisa o<span class=\"apple-converted-space\">\u00a0<\/span><span class=\"termoglossario\">substitutivo<\/span><span class=\"apple-converted-space\">\u00a0<\/span>do deputado Rog\u00e9rio Marinho (PSDB-RN).<\/span><\/p>\n<p><span style=\"color: #000000;\">O relat\u00f3rio apresentado na comiss\u00e3o mant\u00e9m a preval\u00eancia dos acordos coletivos em rela\u00e7\u00e3o \u00e0 lei, conforme previsto no texto original, e acrescenta outras modifica\u00e7\u00f5es, como regras para o teletrabalho e o trabalho intermitente.<\/span><\/p>\n<p><span style=\"color: #000000;\">A decis\u00e3o do presidente da C\u00e2mara, Rodrigo Maia, de colocar novamente o requerimento de urg\u00eancia em vota\u00e7\u00e3o, um dia ap\u00f3s o Plen\u00e1rio ter rejeitado proposi\u00e7\u00e3o semelhante, irritou a oposi\u00e7\u00e3o, que protestou.<\/span><\/p>\n<p><span style=\"color: #000000;\">A deputada Erika Kokay (PT-DF) criticou a nova tentativa. \u201cQuerem aprovar a urg\u00eancia para dificultar a apresenta\u00e7\u00e3o de emendas, que \u00e9 fun\u00e7\u00e3o do Parlamento\u201d, afirmou.<\/span><\/p>\n<p><span style=\"color: #000000;\">L\u00edder do PT, o deputado Carlos Zarattini (SP) chegou a sugerir que a vota\u00e7\u00e3o da urg\u00eancia fosse adiada para permitir o debate e a vota\u00e7\u00e3o da mat\u00e9ria na comiss\u00e3o especial que analisa o tema. \u201c\u00c9 um projeto que revoga, na pr\u00e1tica, a Consolida\u00e7\u00e3o das Leis do Trabalho (CLT) e desregulamenta o trabalho. Precisamos que esse debate seja feito com profundidade e que a sociedade possa saber o que se est\u00e1 fazendo aqui\u201d, disse.<\/span><\/p>\n<p><span style=\"color: #000000;\"><strong>Defesa do projeto<\/strong><\/span><\/p>\n<p><span style=\"color: #000000;\">J\u00e1 o l\u00edder do governo, deputado Aguinaldo Ribeiro (PP-PB), defendeu a urg\u00eancia e disse que a retomada do emprego e do crescimento dependem da aprova\u00e7\u00e3o de uma reforma trabalhista. \u201cA reforma \u00e9 necess\u00e1ria. N\u00f3s temos uma legisla\u00e7\u00e3o atrasada e que n\u00e3o condiz com a do resto do mundo\u201d, disse. \u201cEssa reforma tem a obriga\u00e7\u00e3o de fazer com que tenhamos de gerar competitividade\u201d, concluiu.<\/span><\/p>\n<p><span style=\"color: #000000;\">Relator da reforma, o deputado Rog\u00e9rio Marinho (PSDB-RN) afirmou que o objetivo \u00e9 promover a moderniza\u00e7\u00e3o da legisla\u00e7\u00e3o trabalhista. Segundo ele, o texto proposto acolhe mais de 400 das 850 emendas apresentadas e n\u00e3o fere diretos dos trabalhadores. \u201cPrecisamos proteger os trabalhadores, mas n\u00e3o podemos impedir o progresso\u201d, finalizou.<\/span><\/p>\n<p><span style=\"color: #000000;\">O presidente da comiss\u00e3o especial, deputado Daniel Vilela (PMDB-GO), tamb\u00e9m rebateu os argumentos que apontam para a perda de direitos dos trabalhadores. \u201cAfirmam que trabalhadores com emprego fixo ser\u00e3o demitidos e recontratados temporariamente. N\u00e3o \u00e9 verdade. Esse texto pro\u00edbe demiss\u00e3o e recontrata\u00e7\u00e3o posterior. Ele imp\u00f5e uma quarentena de 18 meses\u201d, disse.<\/span><\/p>\n<p><span style=\"color: #000000;\">Por outro lado, o l\u00edder da Rede, deputado Alessandro Molon (RJ), respondeu a Vilela dizendo que um documento assinado por ju\u00edzes do Trabalho d\u00e1 conta de que \u201cnunca houve ataque t\u00e3o grande aos direitos dos trabalhadores\u201d.<\/span><\/p>\n<p><span style=\"color: #000000;\">Fonte: Ag\u00eancia C\u00e2mara<\/span><\/p>\n","protected":false},"excerpt":{"rendered":"<p> Relat\u00f3rio apresentado na comiss\u00e3o mant\u00e9m a preval\u00eancia dos acordos coletivos em rela\u00e7\u00e3o \u00e0 lei, conforme previsto no texto original, e acrescenta outras modifica\u00e7\u00f5es, como regras para o teletrabalho e o trabalho intermitente.<\/p>\n","protected":false},"author":1,"featured_media":1387,"comment_status":"open","ping_status":"open","sticky":false,"template":"","format":"standard","meta":{"footnotes":""},"categories":[3],"tags":[],"_links":{"self":[{"href":"http:\/\/fecomercio-pe.com.br\/site\/wp-json\/wp\/v2\/posts\/3823"}],"collection":[{"href":"http:\/\/fecomercio-pe.com.br\/site\/wp-json\/wp\/v2\/posts"}],"about":[{"href":"http:\/\/fecomercio-pe.com.br\/site\/wp-json\/wp\/v2\/types\/post"}],"author":[{"embeddable":true,"href":"http:\/\/fecomercio-pe.com.br\/site\/wp-json\/wp\/v2\/users\/1"}],"replies":[{"embeddable":true,"href":"http:\/\/fecomercio-pe.com.br\/site\/wp-json\/wp\/v2\/comments?post=3823"}],"version-history":[{"count":1,"href":"http:\/\/fecomercio-pe.com.br\/site\/wp-json\/wp\/v2\/posts\/3823\/revisions"}],"predecessor-version":[{"id":3824,"href":"http:\/\/fecomercio-pe.com.br\/site\/wp-json\/wp\/v2\/posts\/3823\/revisions\/3824"}],"wp:featuredmedia":[{"embeddable":true,"href":"http:\/\/fecomercio-pe.com.br\/site\/wp-json\/wp\/v2\/media\/1387"}],"wp:attachment":[{"href":"http:\/\/fecomercio-pe.com.br\/site\/wp-json\/wp\/v2\/media?parent=3823"}],"wp:term":[{"taxonomy":"category","embeddable":true,"href":"http:\/\/fecomercio-pe.com.br\/site\/wp-json\/wp\/v2\/categories?post=3823"},{"taxonomy":"post_tag","embeddable":true,"href":"http:\/\/fecomercio-pe.com.br\/site\/wp-json\/wp\/v2\/tags?post=3823"}],"curies":[{"name":"wp","href":"https:\/\/api.w.org\/{rel}","templated":true}]}}