{"id":3165,"date":"2016-12-19T14:43:33","date_gmt":"2016-12-19T14:43:33","guid":{"rendered":"http:\/\/fecomercio-pe.com.br\/site\/?p=3165"},"modified":"2016-12-19T14:43:53","modified_gmt":"2016-12-19T14:43:53","slug":"deputado-antonio-moraes-recebe-premio-parlamentar-amigo-do-comercio","status":"publish","type":"post","link":"http:\/\/fecomercio-pe.com.br\/site\/deputado-antonio-moraes-recebe-premio-parlamentar-amigo-do-comercio\/","title":{"rendered":"Deputado Ant\u00f4nio Moraes recebe pr\u00eamio Parlamentar Amigo do Com\u00e9rcio"},"content":{"rendered":"<p><em>Sindicatos tamb\u00e9m receberam o pr\u00eamio Destaque Sindical, pelos resultados obtidos na busca pela excel\u00eancia na gest\u00e3o<\/em><\/p>\n<p><span style=\"color: #000000;\">O presidente do Sistema Fecom\u00e9rcio\/Sesc\/Senac-PE, Josias Silva de Albuquerque, entregou o pr\u00eamio Parlamentar Amigo do Com\u00e9rcio 2016 ao deputado estadual Ant\u00f4nio Moraes, na tarde da \u00faltima sexta-feira (16\/12), no Teatro Marco Camarotti, no Sesc Santo Amaro. A premia\u00e7\u00e3o \u00e9 um reconhecimento ao apoio do deputado aos interesses do segmento do com\u00e9rcio no \u00e2mbito legislativo em 2016. \u201cEsse pr\u00eamio \u00e9 uma homenagem \u00e0 trajet\u00f3ria p\u00fablica de Ant\u00f4nio Moraes, que faz jus ao seu mandato e luta pelos interesses da sociedade. Quando ele ajuda a atividade comercial, colabora com o desenvolvimento de todo Pernambuco\u201d, enfatizou Josias Albuquerque.<\/span><\/p>\n<p><span style=\"color: #000000;\">O deputado Ant\u00f4nio Moraes destacou a import\u00e2ncia do trabalho da Assessoria Legislativa da Fecom\u00e9rcio-PE. \u201cFoi muito agregador a Fecom\u00e9rcio-PE colocar um assessor legislativo junto \u00e0 Alepe, que nos ajudou a ter um olhado mais apurado sobre as necessidades do segmento do com\u00e9rcio. Eu s\u00f3 tenho a agradecer pelo pr\u00eamio e garantir que em 2017 podem continuar contando com o nosso empenho\u201d, destacou.<\/span><\/p>\n<p><span style=\"color: #000000;\">Durante o evento, que marcou ainda o encerramento do Ciclo do Sistema de Excel\u00eancia em Gest\u00e3o Sindical (Segs) 2016, foram entregues o pr\u00eamio Destaque Sindical 2016 \u00a0ao Sincofarma-PE, ao Sindicom-Jaboat\u00e3o e ao Sincope\u00e7as-PE, em reconhecimento aos trabalhos realizados com \u00eaxito para o desenvolvimento da gest\u00e3o sindical.<\/span><\/p>\n<p>&nbsp;<\/p>\n<p><span style=\"color: #000000;\"><a style=\"color: #000000;\" href=\"http:\/\/fecomercio-pe.com.br\/site\/wp-content\/uploads\/2016\/12\/IMG_5542.jpg\"><img loading=\"lazy\" decoding=\"async\" class=\"alignnone wp-image-3169\" src=\"http:\/\/fecomercio-pe.com.br\/site\/wp-content\/uploads\/2016\/12\/IMG_5542-640x400.jpg\" alt=\"img_5542\" width=\"319\" height=\"200\" srcset=\"http:\/\/fecomercio-pe.com.br\/site\/wp-content\/uploads\/2016\/12\/IMG_5542-640x400.jpg 640w, http:\/\/fecomercio-pe.com.br\/site\/wp-content\/uploads\/2016\/12\/IMG_5542-24x16.jpg 24w, http:\/\/fecomercio-pe.com.br\/site\/wp-content\/uploads\/2016\/12\/IMG_5542-36x24.jpg 36w\" sizes=\"(max-width: 319px) 100vw, 319px\" \/><\/a><a style=\"color: #000000;\" href=\"http:\/\/fecomercio-pe.com.br\/site\/wp-content\/uploads\/2016\/12\/IMG_5540.jpg\"><img loading=\"lazy\" decoding=\"async\" class=\"alignnone wp-image-3168\" src=\"http:\/\/fecomercio-pe.com.br\/site\/wp-content\/uploads\/2016\/12\/IMG_5540-640x400.jpg\" alt=\"img_5540\" width=\"316\" height=\"197\" srcset=\"http:\/\/fecomercio-pe.com.br\/site\/wp-content\/uploads\/2016\/12\/IMG_5540-640x400.jpg 640w, http:\/\/fecomercio-pe.com.br\/site\/wp-content\/uploads\/2016\/12\/IMG_5540-24x16.jpg 24w\" sizes=\"(max-width: 316px) 100vw, 316px\" \/><\/a><a style=\"color: #000000;\" href=\"http:\/\/fecomercio-pe.com.br\/site\/wp-content\/uploads\/2016\/12\/IMG_5536.jpg\"><img loading=\"lazy\" decoding=\"async\" class=\"alignnone wp-image-3167\" src=\"http:\/\/fecomercio-pe.com.br\/site\/wp-content\/uploads\/2016\/12\/IMG_5536-640x400.jpg\" alt=\"img_5536\" width=\"317\" height=\"198\" srcset=\"http:\/\/fecomercio-pe.com.br\/site\/wp-content\/uploads\/2016\/12\/IMG_5536-640x400.jpg 640w, http:\/\/fecomercio-pe.com.br\/site\/wp-content\/uploads\/2016\/12\/IMG_5536-24x16.jpg 24w\" sizes=\"(max-width: 317px) 100vw, 317px\" \/><\/a><\/span><\/p>\n<p><span style=\"color: #000000;\">Ap\u00f3s a entregas dos pr\u00eamios, o assessor legislativo, C\u00e9sar Souza, e a multiplicadora do Segs Jacqueline Oliveira apresentaram aos presentes uma retrospectiva das a\u00e7\u00f5es em 2016 e as perceptivas da Assessoria Legislativa e do Segs para 2017. \u201c Este evento marca o fortalecimento da rela\u00e7\u00e3o entre sindicatos, a Fecom\u00e9rcio-PE e o Legislativo. Entre as a\u00e7\u00f5es previstas para 2017 est\u00e3o as visitas semestrais aos sindicatos, uma maior integra\u00e7\u00e3o entre sindicatos e assessoria legislativa, al\u00e9m do lan\u00e7amento da agenda legislativa com pontos estrat\u00e9gicos que ser\u00e3o trabalhados\u201d, disse C\u00e9sar Souza.<\/span><\/p>\n<p><span style=\"color: #000000;\"><strong>Sustentabilidade<\/strong><\/span><\/p>\n<p><span style=\"color: #000000;\">O consultor jur\u00eddico da Fecom\u00e9rcio-PE, Jos\u00e9 Almeida, acrescentou que al\u00e9m dos projetos de gest\u00e3o voltados aos sindicatos, em 2017, ser\u00e1 expandido para as entidades ligadas \u00e0 Fecom\u00e9rcio-PE os programas Ecos de Sustentabilidade e o de Gerenciamento de Res\u00edduos S\u00f3lidos. \u201cNestes dois programas os presidentes dos sindicatos ser\u00e3o multiplicadores. Temos exemplos de sucesso no Sesc, no Senac e na Fecom\u00e9rcio-PE com o Programa Ecos e o nosso objetivo \u00e9 levar esses resultados para os sindicatos\u201d, afirmou Almeida.<\/span><\/p>\n<p><span style=\"color: #000000;\">Josias Albuquerque fez quest\u00e3o de reiterar o compromisso das institui\u00e7\u00f5es com o meio ambiente e a sustentabilidade. \u201cEssas capacita\u00e7\u00f5es s\u00e3o em prol do desenvolvimento dos sindicatos. Seja na \u00e1rea de excel\u00eancia na gest\u00e3o sindical, seja na \u00e1rea ambiental. Dentro de cada realidade, \u00e9 poss\u00edvel mudar h\u00e1bitos que v\u00e3o diminuir custos e impactos ao meio ambiente. N\u00f3s, por exemplo, j\u00e1 reduzimos 90% do consumo de copos descart\u00e1veis\u201d, enfatizou.<\/span><\/p>\n","protected":false},"excerpt":{"rendered":"<p>Sindicatos tamb\u00e9m receberam o pr\u00eamio Destaque Sindical, pelos resultados obtidos na busca pela excel\u00eancia na gest\u00e3o<\/p>\n","protected":false},"author":1,"featured_media":3166,"comment_status":"open","ping_status":"open","sticky":false,"template":"","format":"standard","meta":{"footnotes":""},"categories":[3],"tags":[],"_links":{"self":[{"href":"http:\/\/fecomercio-pe.com.br\/site\/wp-json\/wp\/v2\/posts\/3165"}],"collection":[{"href":"http:\/\/fecomercio-pe.com.br\/site\/wp-json\/wp\/v2\/posts"}],"about":[{"href":"http:\/\/fecomercio-pe.com.br\/site\/wp-json\/wp\/v2\/types\/post"}],"author":[{"embeddable":true,"href":"http:\/\/fecomercio-pe.com.br\/site\/wp-json\/wp\/v2\/users\/1"}],"replies":[{"embeddable":true,"href":"http:\/\/fecomercio-pe.com.br\/site\/wp-json\/wp\/v2\/comments?post=3165"}],"version-history":[{"count":2,"href":"http:\/\/fecomercio-pe.com.br\/site\/wp-json\/wp\/v2\/posts\/3165\/revisions"}],"predecessor-version":[{"id":3171,"href":"http:\/\/fecomercio-pe.com.br\/site\/wp-json\/wp\/v2\/posts\/3165\/revisions\/3171"}],"wp:featuredmedia":[{"embeddable":true,"href":"http:\/\/fecomercio-pe.com.br\/site\/wp-json\/wp\/v2\/media\/3166"}],"wp:attachment":[{"href":"http:\/\/fecomercio-pe.com.br\/site\/wp-json\/wp\/v2\/media?parent=3165"}],"wp:term":[{"taxonomy":"category","embeddable":true,"href":"http:\/\/fecomercio-pe.com.br\/site\/wp-json\/wp\/v2\/categories?post=3165"},{"taxonomy":"post_tag","embeddable":true,"href":"http:\/\/fecomercio-pe.com.br\/site\/wp-json\/wp\/v2\/tags?post=3165"}],"curies":[{"name":"wp","href":"https:\/\/api.w.org\/{rel}","templated":true}]}}