{"id":11680,"date":"2025-12-02T10:52:16","date_gmt":"2025-12-02T13:52:16","guid":{"rendered":"https:\/\/fecomercio-pe.com.br\/site\/?p=11680"},"modified":"2025-12-15T10:53:30","modified_gmt":"2025-12-15T13:53:30","slug":"fecomercio-pe-lanca-1o-premio-conexao-comercio-em-happy-hour-com-a-imprensa","status":"publish","type":"post","link":"http:\/\/fecomercio-pe.com.br\/site\/fecomercio-pe-lanca-1o-premio-conexao-comercio-em-happy-hour-com-a-imprensa\/","title":{"rendered":"Fecom\u00e9rcio-PE lan\u00e7a 1\u00ba Pr\u00eamio Conex\u00e3o Com\u00e9rcio em happy hour com a imprensa"},"content":{"rendered":"<p><em>Distin\u00e7\u00e3o \u00e9 criada com o objetivo de reconhecer e estimular o trabalho de jornalistas e produtores de conte\u00fado por suas contribui\u00e7\u00f5es \u00e0 sociedade<\/em><\/p>\n<p>A Fecom\u00e9rcio-PE aproveitou o <em>happy hour<\/em> realizado nesta segunda-feira (1\u00ba de dezembro), na Casa do Com\u00e9rcio, no bairro de Santo Amaro, para lan\u00e7ar oficialmente o 1\u00ba Pr\u00eamio Conex\u00e3o Com\u00e9rcio. O encontro, que marcou a retomada da confraterniza\u00e7\u00e3o de fim de ano com jornalistas e criadores de conte\u00fado, reuniu profissionais da imprensa para uma noite de m\u00fasica com o DJ Ari Falc\u00e3o, show da banda Kid Camale\u00e3o, brindes e sorteios.<\/p>\n<p>Criado pela Fecom\u00e9rcio-PE, o pr\u00eamio tem como objetivo reconhecer e incentivar a produ\u00e7\u00e3o de conte\u00fados qualificados sobre o com\u00e9rcio de bens, servi\u00e7os e turismo de Pernambuco, tanto em ve\u00edculos jornal\u00edsticos quanto em plataformas digitais. A premia\u00e7\u00e3o est\u00e1 organizada em tr\u00eas categorias: Conte\u00fado Escrito (mat\u00e9rias em jornais, revistas, sites e blogs), Conte\u00fado Multim\u00eddia (reportagens e produtos em \u00e1udio e v\u00eddeo para r\u00e1dio, TV, podcasts, YouTube e formatos afins) e Influenciador, voltada a criadores de conte\u00fado que atuam nas redes sociais.<\/p>\n<p>Para o presidente da Fecom\u00e9rcio-PE, Bernardo Peixoto, o lan\u00e7amento do pr\u00eamio refor\u00e7a a rela\u00e7\u00e3o hist\u00f3rica da entidade com a imprensa. \u201cMais do que retomar nossa confraterniza\u00e7\u00e3o de fim de ano com os jornalistas, entendemos que era hora de criar um gesto concreto de reconhecimento. A imprensa e os criadores de conte\u00fado que se dedicam a informar a sociedade cumprem um papel essencial, especialmente em um momento em que as fake news se disseminam com tanta rapidez. Valorizar esse trabalho \u00e9 tamb\u00e9m valorizar a democracia e a confian\u00e7a nas institui\u00e7\u00f5es\u201d, afirmou.<\/p>\n<p>O 1\u00ba Pr\u00eamio Conex\u00e3o Com\u00e9rcio vai premiar com R$ 6 mil, R$ 4 mil e R$ 2 mil (valor bruto) os tr\u00eas trabalhos vencedores de cada categoria. Fiquem ligados nas nossas redes sociais, onde iremos anunciar, agora em dezembro, a divulga\u00e7\u00e3o do edital completo do pr\u00eamio, com todas as informa\u00e7\u00f5es.<\/p>\n<p>&nbsp;<\/p>\n","protected":false},"excerpt":{"rendered":"<p>Distin\u00e7\u00e3o \u00e9 criada com o objetivo de reconhecer e estimular o trabalho de jornalistas e produtores de conte\u00fado por suas contribui\u00e7\u00f5es \u00e0 sociedade A Fecom\u00e9rcio-PE aproveitou o happy hour realizado nesta segunda-feira (1\u00ba de dezembro), na Casa do Com\u00e9rcio, no bairro de Santo Amaro, para lan\u00e7ar oficialmente o 1\u00ba Pr\u00eamio Conex\u00e3o Com\u00e9rcio. O encontro, que<br \/><a href=\"http:\/\/fecomercio-pe.com.br\/site\/fecomercio-pe-lanca-1o-premio-conexao-comercio-em-happy-hour-com-a-imprensa\/\" class=\"more\">Read more<\/a><\/p>\n","protected":false},"author":12,"featured_media":11683,"comment_status":"closed","ping_status":"open","sticky":false,"template":"","format":"standard","meta":{"footnotes":""},"categories":[3,4],"tags":[],"_links":{"self":[{"href":"http:\/\/fecomercio-pe.com.br\/site\/wp-json\/wp\/v2\/posts\/11680"}],"collection":[{"href":"http:\/\/fecomercio-pe.com.br\/site\/wp-json\/wp\/v2\/posts"}],"about":[{"href":"http:\/\/fecomercio-pe.com.br\/site\/wp-json\/wp\/v2\/types\/post"}],"author":[{"embeddable":true,"href":"http:\/\/fecomercio-pe.com.br\/site\/wp-json\/wp\/v2\/users\/12"}],"replies":[{"embeddable":true,"href":"http:\/\/fecomercio-pe.com.br\/site\/wp-json\/wp\/v2\/comments?post=11680"}],"version-history":[{"count":1,"href":"http:\/\/fecomercio-pe.com.br\/site\/wp-json\/wp\/v2\/posts\/11680\/revisions"}],"predecessor-version":[{"id":11684,"href":"http:\/\/fecomercio-pe.com.br\/site\/wp-json\/wp\/v2\/posts\/11680\/revisions\/11684"}],"wp:featuredmedia":[{"embeddable":true,"href":"http:\/\/fecomercio-pe.com.br\/site\/wp-json\/wp\/v2\/media\/11683"}],"wp:attachment":[{"href":"http:\/\/fecomercio-pe.com.br\/site\/wp-json\/wp\/v2\/media?parent=11680"}],"wp:term":[{"taxonomy":"category","embeddable":true,"href":"http:\/\/fecomercio-pe.com.br\/site\/wp-json\/wp\/v2\/categories?post=11680"},{"taxonomy":"post_tag","embeddable":true,"href":"http:\/\/fecomercio-pe.com.br\/site\/wp-json\/wp\/v2\/tags?post=11680"}],"curies":[{"name":"wp","href":"https:\/\/api.w.org\/{rel}","templated":true}]}}