{"id":11677,"date":"2025-12-12T09:22:24","date_gmt":"2025-12-12T12:22:24","guid":{"rendered":"https:\/\/fecomercio-pe.com.br\/site\/?p=11677"},"modified":"2025-12-12T09:27:41","modified_gmt":"2025-12-12T12:27:41","slug":"natal-deve-gerar-r-1226-bilhao-em-consumo-adicional-crescimento-de-25-comparado-ao-ano-passado","status":"publish","type":"post","link":"http:\/\/fecomercio-pe.com.br\/site\/natal-deve-gerar-r-1226-bilhao-em-consumo-adicional-crescimento-de-25-comparado-ao-ano-passado\/","title":{"rendered":"Natal deve gerar R$ 1,226 bilh\u00e3o em consumo adicional, crescimento de 2,5% comparado ao ano passado"},"content":{"rendered":"<p>O Natal permanece como um dos per\u00edodos mais significativos para o com\u00e9rcio pernambucano. O impulso exclusivo da data natalina em 2025 ser\u00e1 de R$ 1,226 bilh\u00e3o, associado \u00e0 intensifica\u00e7\u00e3o das compras nas semanas que antecedem o per\u00edodo. O valor representa aumento de 2,5% em rela\u00e7\u00e3o ao volume adicional registrado em 2024 (R$ 1,20 bilh\u00e3o). Embora o avan\u00e7o absoluto seja moderado, o impacto relativo do Natal crescer\u00e1 de 10,28% para 10,84% do total movimentado em dezembro, varia\u00e7\u00e3o de 5,4%. Al\u00e9m disso, a estimativa da Federa\u00e7\u00e3o do Com\u00e9rcio de Bens, Servi\u00e7os e Turismo do Estado de Pernambuco (Fecom\u00e9rcio-PE) indica que dezembro de 2025 dever\u00e1 alcan\u00e7ar R$ 12,541 bilh\u00f5es em vendas totais no estado, considerando tanto as compras relacionadas ao Natal quanto as demais movimenta\u00e7\u00f5es t\u00edpicas do per\u00edodo.<\/p>\n<p>Gr\u00e1fico 1: Volume adicional exclusivo gerado pelo Natal em Pernambuco (em bilh\u00f5es)<\/p>\n<p>Fonte: Hub de Dados do Com\u00e9rcio<\/p>\n<p>A proje\u00e7\u00e3o compara o comportamento esperado do consumo com um cen\u00e1rio sem o efeito natalino. Essa diferen\u00e7a mostra o quanto o setor depende da data para ampliar seu ritmo de atividade. A influ\u00eancia do Natal se expressa principalmente nos segmentos de presentes, moda, alimentos, eletroeletr\u00f4nicos e perfumaria, que concentram a maior parcela da renda mobilizada no fim do ano.<\/p>\n<p>Para o presidente da Fecom\u00e9rcio-PE, Bernardo Peixoto, o per\u00edodo permanece indispens\u00e1vel para a sustenta\u00e7\u00e3o da economia no estado. \u201cO Natal fortalece toda a cadeia produtiva ligada ao varejo e aos servi\u00e7os. As empresas se organizam com anteced\u00eancia porque sabem que dezembro concentra decis\u00f5es de compra relevantes. Servi\u00e7os de beleza registram demanda elevada nas semanas que antecedem as festas do per\u00edodo\u201d.<\/p>\n<p>Segundo Rafael Lima, economista da Fecom\u00e9rcio-PE, o resultado confirma o papel estruturante do Natal no setor terci\u00e1rio. \u201cO valor adicional de R$ 1,226 bilh\u00e3o representa o efeito pr\u00f3prio da data sobre o com\u00e9rcio e servi\u00e7os. Ele decorre da concentra\u00e7\u00e3o das decis\u00f5es de compra e do aumento natural da circula\u00e7\u00e3o de renda derivado de empregos tempor\u00e1rios e incremento do d\u00e9cimo terceiro sal\u00e1rio. \u00c9 um impacto que molda a opera\u00e7\u00e3o das empresas e orienta sua estrat\u00e9gia ao longo do segundo semestre\u201d.<\/p>\n<p><strong>Procedimentos Metodol\u00f3gico<\/strong><\/p>\n<p>O presente trabalho estima, em valores reais, o volume financeiro adicional de vendas gerado exclusivamente pelo Natal de 2025, utilizando metodologia contrafactual e s\u00e9rie mensal completa de arrecada\u00e7\u00e3o do Imposto sobre Circula\u00e7\u00e3o de Mercadorias e Servi\u00e7os entre janeiro de 2013 e outubro de 2025.<\/p>\n<p>Para estimar o impacto exclusivo do Natal de 2025 no consumo em Pernambuco, adotou-se um modelo de proje\u00e7\u00e3o amplamente utilizado por institui\u00e7\u00f5es p\u00fablicas e centros de pesquisa. Esse modelo permite comparar o comportamento esperado das vendas com e sem o impulso do per\u00edodo natalino.<\/p>\n<p>A constru\u00e7\u00e3o da estimativa utiliza a s\u00e9rie mensal de arrecada\u00e7\u00e3o do ICMS de 2013 a 2025, em valores reais. O modelo considera o padr\u00e3o hist\u00f3rico de crescimento do consumo, as varia\u00e7\u00f5es sazonais ao longo do ano e fatores que influenciam diretamente o movimento do com\u00e9rcio, como renda de trabalhadores formais, confian\u00e7a do consumidor (ICF) e mudan\u00e7as na al\u00edquota modal do ICMS<\/p>\n<p>Link para pesquisa completa:\u00a0 <a href=\"chrome-extension:\/\/efaidnbmnnnibpcajpcglclefindmkaj\/https:\/fecomercio-pe.com.br\/site\/wp-content\/uploads\/2025\/12\/Estudo-Natal.pdf\">chrome-extension:\/\/efaidnbmnnnibpcajpcglclefindmkaj\/https:\/\/fecomercio-pe.com.br\/site\/wp-content\/uploads\/2025\/12\/Estudo-Natal.pdf<\/a><\/p>\n","protected":false},"excerpt":{"rendered":"<p>O Natal permanece como um dos per\u00edodos mais significativos para o com\u00e9rcio pernambucano. O impulso exclusivo da data natalina em 2025 ser\u00e1 de R$ 1,226 bilh\u00e3o, associado \u00e0 intensifica\u00e7\u00e3o das compras nas semanas que antecedem o per\u00edodo. O valor representa aumento de 2,5% em rela\u00e7\u00e3o ao volume adicional registrado em 2024 (R$ 1,20 bilh\u00e3o). Embora<br \/><a href=\"http:\/\/fecomercio-pe.com.br\/site\/natal-deve-gerar-r-1226-bilhao-em-consumo-adicional-crescimento-de-25-comparado-ao-ano-passado\/\" class=\"more\">Read more<\/a><\/p>\n","protected":false},"author":12,"featured_media":11678,"comment_status":"closed","ping_status":"open","sticky":false,"template":"","format":"standard","meta":{"footnotes":""},"categories":[3,4],"tags":[],"_links":{"self":[{"href":"http:\/\/fecomercio-pe.com.br\/site\/wp-json\/wp\/v2\/posts\/11677"}],"collection":[{"href":"http:\/\/fecomercio-pe.com.br\/site\/wp-json\/wp\/v2\/posts"}],"about":[{"href":"http:\/\/fecomercio-pe.com.br\/site\/wp-json\/wp\/v2\/types\/post"}],"author":[{"embeddable":true,"href":"http:\/\/fecomercio-pe.com.br\/site\/wp-json\/wp\/v2\/users\/12"}],"replies":[{"embeddable":true,"href":"http:\/\/fecomercio-pe.com.br\/site\/wp-json\/wp\/v2\/comments?post=11677"}],"version-history":[{"count":1,"href":"http:\/\/fecomercio-pe.com.br\/site\/wp-json\/wp\/v2\/posts\/11677\/revisions"}],"predecessor-version":[{"id":11679,"href":"http:\/\/fecomercio-pe.com.br\/site\/wp-json\/wp\/v2\/posts\/11677\/revisions\/11679"}],"wp:featuredmedia":[{"embeddable":true,"href":"http:\/\/fecomercio-pe.com.br\/site\/wp-json\/wp\/v2\/media\/11678"}],"wp:attachment":[{"href":"http:\/\/fecomercio-pe.com.br\/site\/wp-json\/wp\/v2\/media?parent=11677"}],"wp:term":[{"taxonomy":"category","embeddable":true,"href":"http:\/\/fecomercio-pe.com.br\/site\/wp-json\/wp\/v2\/categories?post=11677"},{"taxonomy":"post_tag","embeddable":true,"href":"http:\/\/fecomercio-pe.com.br\/site\/wp-json\/wp\/v2\/tags?post=11677"}],"curies":[{"name":"wp","href":"https:\/\/api.w.org\/{rel}","templated":true}]}}