{"id":11657,"date":"2025-11-19T12:09:04","date_gmt":"2025-11-19T15:09:04","guid":{"rendered":"https:\/\/fecomercio-pe.com.br\/site\/?p=11657"},"modified":"2025-11-19T17:10:42","modified_gmt":"2025-11-19T20:10:42","slug":"presidente-do-sistema-fecomercio-sesc-senac-pe-bernardo-peixoto-e-homenageado-em-caruaru","status":"publish","type":"post","link":"http:\/\/fecomercio-pe.com.br\/site\/presidente-do-sistema-fecomercio-sesc-senac-pe-bernardo-peixoto-e-homenageado-em-caruaru\/","title":{"rendered":"Presidente do Sistema Fecom\u00e9rcio\/Sesc\/Senac PE, Bernardo Peixoto, \u00e9 homenageado em Caruaru"},"content":{"rendered":"<p>O presidente recebeu, nesta ter\u00e7a (18\/11), o Trof\u00e9u Onildo Almeida, idealizado pelo Centro de Tradi\u00e7\u00f5es Culturais do Nordeste, por promover a\u00e7\u00f5es de valoriza\u00e7\u00e3o da cultura nordestina<\/p>\n<p>O Centro de Conven\u00e7\u00f5es do Senac, em Caruaru, foi palco de um evento que reuniu diversos artistas e personalidades que se dedicam pela valoriza\u00e7\u00e3o da cultura nordestina, em especial a m\u00fasica. Nesta ter\u00e7a-feira (18\/11), foi realizada a entrega do 2\u00ba Trof\u00e9u Onildo Almeida, idealizado pelo Centro de Tradi\u00e7\u00f5es Culturais do Nordeste. Um dos homenageados foi Bernardo Peixoto, presidente do Sistema Fecom\u00e9rcio\/Sesc\/Senac-PE.<\/p>\n<p>\u201cFico muito feliz de estar de participar dessa homenagem. O Sistema Fecom\u00e9rcio\/Sesc\/Senac de Pernambuco leva cultura para todo o estado e uma festa como essa, que proporciona alegria, com um pr\u00eamio que representa e valoriza a cultura nordestina, tem todo o nosso apoio. Espero que essa iniciativa do Centro de Tradi\u00e7\u00e3o Cultural do Nordeste seja refer\u00eancia para outros estados da regi\u00e3o. Se n\u00e3o tivermos esse amor \u00e0 tradi\u00e7\u00e3o, tudo se perde um tempo. Por isso, nos orgulhamos de participar desse evento\u201d, destacou Bernardo Peixoto.<\/p>\n<p>Para Armando Lima, fundador e presidente do Centro de Tradi\u00e7\u00f5es Culturais do Nordeste, Bernardo Peixoto representa o compromisso de toda uma estrutura que desenvolve a\u00e7\u00f5es em favor da cultura de nosso estado. \u201cO que o Sistema Fecom\u00e9rcio\/Sesc\/Senac faz pela cultura de Pernambuco \u00e9 algo que merece todo o nosso reconhecimento. N\u00f3s observamos que Bernardo Peixoto tem prestigiado, tem valorizado nossas atividades, t\u00e3o conectadas com seus objetivos. Ent\u00e3o, isso j\u00e1 \u00e9 motivo suficiente para que ele seja merecedor dessa homenagem\u201d, frisou.<\/p>\n<p>Este ano, o 2\u00ba Trof\u00e9u Onildo Almeida teve como homenageados especiais os cantores Azul\u00e3o e Azulinho, representantes da for\u00e7a da m\u00fasica caruaruense e da continuidade das tradi\u00e7\u00f5es nordestinas. Outros cantores, compositores e produtores culturais, que contribuem com a perpetua\u00e7\u00e3o da cultura popular, tamb\u00e9m receberam o trof\u00e9u, entre eles Alcymar Monteiro, Cec\u00e9u, Fl\u00e1vio Jos\u00e9, Maciel Melo, Maestro Mozart Vieira e Waldones.<\/p>\n<p>A lista de homenageados teve ainda Adem\u00e1rio King (Caruaru), Brito Lucena (Panelas), Banda As Ful\u00f4 (Caruaru), Geraldo Cardoso (Macei\u00f3\/AL), Genaro Almeida (Recife), Herbert Lucena (Recife), Junior Vieira (Recife), Kinho Ramalho (S\u00e3o Caetano), Kira Adnere (Recife), La\u00eds e Luiza (Campina Grande\/PB), Marcelo Rossiter (Recife), Mahatman Costa (Olinda), Rosimar Lemos (Caruaru) e Vin\u00edcius Amorim (Caruaru).<\/p>\n<p>Este ano, o 2\u00ba Trof\u00e9u Onildo Almeida teve como homenageados especiais os cantores Azul\u00e3o e Azulinho, representantes da for\u00e7a da m\u00fasica caruaruense e da continuidade das tradi\u00e7\u00f5es nordestinas. Outros cantores, compositores e produtores culturais, que contribuem com a perpetua\u00e7\u00e3o da cultura popular, tamb\u00e9m receberam o trof\u00e9u, entre eles Alcymar Monteiro, Cec\u00e9u, Fl\u00e1vio Jos\u00e9, Maciel Melo, Maestro Mozart Vieira e Waldones.<\/p>\n<p>A lista de homenageados teve ainda Adem\u00e1rio King (Caruaru), Brito Lucena (Panelas), Banda As Ful\u00f4 (Caruaru), Geraldo Cardoso (Macei\u00f3\/AL), Genaro Almeida (Recife), Herbert Lucena (Recife), Junior Vieira (Recife), Kinho Ramalho (S\u00e3o Caetano), Kira Adnere (Recife), La\u00eds e Luiza (Campina Grande\/PB), Marcelo Rossiter (Recife), Mahatman Costa (Olinda), Rosimar Lemos (Caruaru) e Vin\u00edcius Amorim (Caruaru).<\/p>\n","protected":false},"excerpt":{"rendered":"<p>O presidente recebeu, nesta ter\u00e7a (18\/11), o Trof\u00e9u Onildo Almeida, idealizado pelo Centro de Tradi\u00e7\u00f5es Culturais do Nordeste, por promover a\u00e7\u00f5es de valoriza\u00e7\u00e3o da cultura nordestina O Centro de Conven\u00e7\u00f5es do Senac, em Caruaru, foi palco de um evento que reuniu diversos artistas e personalidades que se dedicam pela valoriza\u00e7\u00e3o da cultura nordestina, em especial<br \/><a href=\"http:\/\/fecomercio-pe.com.br\/site\/presidente-do-sistema-fecomercio-sesc-senac-pe-bernardo-peixoto-e-homenageado-em-caruaru\/\" class=\"more\">Read more<\/a><\/p>\n","protected":false},"author":12,"featured_media":11658,"comment_status":"closed","ping_status":"open","sticky":false,"template":"","format":"standard","meta":{"footnotes":""},"categories":[3,4],"tags":[],"_links":{"self":[{"href":"http:\/\/fecomercio-pe.com.br\/site\/wp-json\/wp\/v2\/posts\/11657"}],"collection":[{"href":"http:\/\/fecomercio-pe.com.br\/site\/wp-json\/wp\/v2\/posts"}],"about":[{"href":"http:\/\/fecomercio-pe.com.br\/site\/wp-json\/wp\/v2\/types\/post"}],"author":[{"embeddable":true,"href":"http:\/\/fecomercio-pe.com.br\/site\/wp-json\/wp\/v2\/users\/12"}],"replies":[{"embeddable":true,"href":"http:\/\/fecomercio-pe.com.br\/site\/wp-json\/wp\/v2\/comments?post=11657"}],"version-history":[{"count":1,"href":"http:\/\/fecomercio-pe.com.br\/site\/wp-json\/wp\/v2\/posts\/11657\/revisions"}],"predecessor-version":[{"id":11659,"href":"http:\/\/fecomercio-pe.com.br\/site\/wp-json\/wp\/v2\/posts\/11657\/revisions\/11659"}],"wp:featuredmedia":[{"embeddable":true,"href":"http:\/\/fecomercio-pe.com.br\/site\/wp-json\/wp\/v2\/media\/11658"}],"wp:attachment":[{"href":"http:\/\/fecomercio-pe.com.br\/site\/wp-json\/wp\/v2\/media?parent=11657"}],"wp:term":[{"taxonomy":"category","embeddable":true,"href":"http:\/\/fecomercio-pe.com.br\/site\/wp-json\/wp\/v2\/categories?post=11657"},{"taxonomy":"post_tag","embeddable":true,"href":"http:\/\/fecomercio-pe.com.br\/site\/wp-json\/wp\/v2\/tags?post=11657"}],"curies":[{"name":"wp","href":"https:\/\/api.w.org\/{rel}","templated":true}]}}