{"id":11639,"date":"2025-11-07T10:05:09","date_gmt":"2025-11-07T13:05:09","guid":{"rendered":"https:\/\/fecomercio-pe.com.br\/site\/?p=11639"},"modified":"2025-11-07T10:22:47","modified_gmt":"2025-11-07T13:22:47","slug":"fecomercio-pe-marca-presenca-em-eventos-de-inovacao-em-portugal","status":"publish","type":"post","link":"http:\/\/fecomercio-pe.com.br\/site\/fecomercio-pe-marca-presenca-em-eventos-de-inovacao-em-portugal\/","title":{"rendered":"Fecom\u00e9rcio-PE marca presen\u00e7a em eventos de inova\u00e7\u00e3o em Portugal"},"content":{"rendered":"<p>O presidente do Sistema Fecom\u00e9rcio\/Sesc\/Senac-PE, Bernardo Peixoto, e a diretora geral executiva da Federa\u00e7\u00e3o do Com\u00e9rcio de Bens, Servi\u00e7os e Turismo do Estado de Pernambuco (Fecom\u00e9rcio-PE), Cleide Pimentel, est\u00e3o participando do Brazil Tech Days 2025, a convite do Porto Digital. O evento iniciou na quinta-feira (6) e vai at\u00e9 o s\u00e1bado (8). Em seguida, de 10 a 13 de novembro, eles tamb\u00e9m marcam presen\u00e7a na programa\u00e7\u00e3o do Web Summit Lisboa 2025. As duas agendas ocorrem em Portugal.<\/p>\n<p>O Brazil Tech Days 2025 est\u00e1 ocorrendo no Cais do Porto, em Aveiro, e, em sua quarta edi\u00e7\u00e3o, consolida-se como um dos principais pontos de conex\u00e3o entre os ecossistemas de inova\u00e7\u00e3o do Brasil e de Portugal, reunindo empreendedores, investidores, gestores p\u00fablicos e especialistas em tecnologia e comunica\u00e7\u00e3o. Durante o evento, o presidente e a diretora participam de palestras, pitches, rodadas de neg\u00f3cios e encontros de relacionamento.<\/p>\n<p>J\u00e1 o Web Summit Lisboa, considerado um dos maiores eventos de tecnologia do mundo, reunir\u00e1 CEOs de grandes empresas, startups em r\u00e1pido crescimento, investidores e l\u00edderes globais da inova\u00e7\u00e3o.<\/p>\n<p>\u201cA inova\u00e7\u00e3o \u00e9 um pilar estrat\u00e9gico para o fortalecimento do com\u00e9rcio, dos servi\u00e7os e do turismo. Participar desses eventos nos permite conhecer tend\u00eancias globais e trazer novas ideias para o setor em Pernambuco\u201d, destaca o presidente, Bernardo Peixoto.<\/p>\n","protected":false},"excerpt":{"rendered":"<p>O presidente do Sistema Fecom\u00e9rcio\/Sesc\/Senac-PE, Bernardo Peixoto, e a diretora geral executiva da Federa\u00e7\u00e3o do Com\u00e9rcio de Bens, Servi\u00e7os e Turismo do Estado de Pernambuco (Fecom\u00e9rcio-PE), Cleide Pimentel, est\u00e3o participando do Brazil Tech Days 2025, a convite do Porto Digital. O evento iniciou na quinta-feira (6) e vai at\u00e9 o s\u00e1bado (8). Em seguida, de<br \/><a href=\"http:\/\/fecomercio-pe.com.br\/site\/fecomercio-pe-marca-presenca-em-eventos-de-inovacao-em-portugal\/\" class=\"more\">Read more<\/a><\/p>\n","protected":false},"author":12,"featured_media":11640,"comment_status":"closed","ping_status":"open","sticky":false,"template":"","format":"standard","meta":{"footnotes":""},"categories":[3,4],"tags":[],"_links":{"self":[{"href":"http:\/\/fecomercio-pe.com.br\/site\/wp-json\/wp\/v2\/posts\/11639"}],"collection":[{"href":"http:\/\/fecomercio-pe.com.br\/site\/wp-json\/wp\/v2\/posts"}],"about":[{"href":"http:\/\/fecomercio-pe.com.br\/site\/wp-json\/wp\/v2\/types\/post"}],"author":[{"embeddable":true,"href":"http:\/\/fecomercio-pe.com.br\/site\/wp-json\/wp\/v2\/users\/12"}],"replies":[{"embeddable":true,"href":"http:\/\/fecomercio-pe.com.br\/site\/wp-json\/wp\/v2\/comments?post=11639"}],"version-history":[{"count":2,"href":"http:\/\/fecomercio-pe.com.br\/site\/wp-json\/wp\/v2\/posts\/11639\/revisions"}],"predecessor-version":[{"id":11642,"href":"http:\/\/fecomercio-pe.com.br\/site\/wp-json\/wp\/v2\/posts\/11639\/revisions\/11642"}],"wp:featuredmedia":[{"embeddable":true,"href":"http:\/\/fecomercio-pe.com.br\/site\/wp-json\/wp\/v2\/media\/11640"}],"wp:attachment":[{"href":"http:\/\/fecomercio-pe.com.br\/site\/wp-json\/wp\/v2\/media?parent=11639"}],"wp:term":[{"taxonomy":"category","embeddable":true,"href":"http:\/\/fecomercio-pe.com.br\/site\/wp-json\/wp\/v2\/categories?post=11639"},{"taxonomy":"post_tag","embeddable":true,"href":"http:\/\/fecomercio-pe.com.br\/site\/wp-json\/wp\/v2\/tags?post=11639"}],"curies":[{"name":"wp","href":"https:\/\/api.w.org\/{rel}","templated":true}]}}