{"id":11636,"date":"2025-11-05T17:26:52","date_gmt":"2025-11-05T20:26:52","guid":{"rendered":"https:\/\/fecomercio-pe.com.br\/site\/?p=11636"},"modified":"2025-11-05T17:26:52","modified_gmt":"2025-11-05T20:26:52","slug":"projecao-indica-que-black-friday-de-2025-deve-movimentar-r-245-bilhoes-maior-valor-da-serie-historica","status":"publish","type":"post","link":"http:\/\/fecomercio-pe.com.br\/site\/projecao-indica-que-black-friday-de-2025-deve-movimentar-r-245-bilhoes-maior-valor-da-serie-historica\/","title":{"rendered":"Proje\u00e7\u00e3o indica que Black Friday de 2025 deve movimentar R$ 2,45 bilh\u00f5es, maior valor da s\u00e9rie hist\u00f3rica"},"content":{"rendered":"<p>A Federa\u00e7\u00e3o do Com\u00e9rcio de Bens, Servi\u00e7os e Turismo do Estado de Pernambuco (Fecom\u00e9rcio-PE), por meio do Hub de Dados do Com\u00e9rcio, elaborou um estudo com proje\u00e7\u00f5es para a Black Friday de 2025 no estado. Envolvendo movimenta\u00e7\u00e3o financeira no m\u00eas de novembro, movimenta\u00e7\u00e3o financeira na semana da Black Friday, arrecada\u00e7\u00e3o de Imposto sobre Opera\u00e7\u00f5es \u00e0 Circula\u00e7\u00e3o de Mercadorias e sobre presta\u00e7\u00e3o de Servi\u00e7os (ICMS) no m\u00eas de novembro e expectativa de admiss\u00f5es no mercado de trabalho formal em Pernambuco. Por fim, tamb\u00e9m est\u00e3o descritos os procedimentos metodol\u00f3gicos aplicados para as proje\u00e7\u00f5es.<\/p>\n<p>A proje\u00e7\u00e3o de movimenta\u00e7\u00e3o financeira na semana da Black Friday de 2025 foi estimada em 2,45 bilh\u00f5es de reais para todo estado, 1,7% a mais quando comparado ao mesmo per\u00edodo em 2024.<\/p>\n<p>A arrecada\u00e7\u00e3o do Imposto sobre Opera\u00e7\u00f5es relativas \u00e0 Circula\u00e7\u00e3o de Mercadorias e sobre Presta\u00e7\u00f5es de Servi\u00e7os (ICMS) para novembro de 2025 foi projetada em R$ 2,52 bilh\u00f5es, o que representa aumento de 6,4% em rela\u00e7\u00e3o a novembro de 2024, em termos nominais.<\/p>\n<p>O mercado de trabalho tende a apresentar incremento no per\u00edodo de festas e eventos de final de ano, impulsionado pela eleva\u00e7\u00e3o da demanda por bens e servi\u00e7os. De forma complementar \u00e0 an\u00e1lise do consumo, foi estimada a proje\u00e7\u00e3o de admiss\u00f5es no mercado de trabalho formal em Pernambuco.<\/p>\n<p>Para novembro de 2025, a estimativa \u00e9 de 59 mil novos postos de trabalho com carteira assinada, volume 18% superior ao observado em novembro de 2024 e 7,3% inferior ao registrado em agosto de 2025.<\/p>\n<p>Bernardo Peixoto, presidente do Sistema Fecom\u00e9rcio\/Sesc\/Senac PE, comentou a proje\u00e7\u00e3o. \u201cA Black Friday \u00e9 uma \u00f3tima oportunidade para o empres\u00e1rio aplicar estrat\u00e9gias de pre\u00e7o, estoque e atendimento que entrega resultado no per\u00edodo. Os consumidores t\u00eam disposi\u00e7\u00e3o para comprar, e o empres\u00e1rio que se prepara com base em informa\u00e7\u00f5es confi\u00e1veis tende a aproveitar melhor esse momento de aquecimento do mercado\u201d, destacou.<\/p>\n<p>O economista da Fecom\u00e9rcio-PE, Rafael Lima, tamb\u00e9m analisou os dados. \u201cA proje\u00e7\u00e3o indicou crescimento de 1,7% na movimenta\u00e7\u00e3o financeira da semana da Black Friday e aumento de 6,4% na arrecada\u00e7\u00e3o do ICMS em novembro. O evento incentiva o consumo e fomenta o com\u00e9rcio e o emprego formal em Pernambuco. O avan\u00e7o nos \u00faltimos meses da empregabilidade e recuo na inadimpl\u00eancia apoiar\u00e1 o consumo do per\u00edodo\u201d, afirmou.<\/p>\n","protected":false},"excerpt":{"rendered":"<p>A Federa\u00e7\u00e3o do Com\u00e9rcio de Bens, Servi\u00e7os e Turismo do Estado de Pernambuco (Fecom\u00e9rcio-PE), por meio do Hub de Dados do Com\u00e9rcio, elaborou um estudo com proje\u00e7\u00f5es para a Black Friday de 2025 no estado. Envolvendo movimenta\u00e7\u00e3o financeira no m\u00eas de novembro, movimenta\u00e7\u00e3o financeira na semana da Black Friday, arrecada\u00e7\u00e3o de Imposto sobre Opera\u00e7\u00f5es \u00e0<br \/><a href=\"http:\/\/fecomercio-pe.com.br\/site\/projecao-indica-que-black-friday-de-2025-deve-movimentar-r-245-bilhoes-maior-valor-da-serie-historica\/\" class=\"more\">Read more<\/a><\/p>\n","protected":false},"author":12,"featured_media":11637,"comment_status":"closed","ping_status":"open","sticky":false,"template":"","format":"standard","meta":{"footnotes":""},"categories":[3,4],"tags":[],"_links":{"self":[{"href":"http:\/\/fecomercio-pe.com.br\/site\/wp-json\/wp\/v2\/posts\/11636"}],"collection":[{"href":"http:\/\/fecomercio-pe.com.br\/site\/wp-json\/wp\/v2\/posts"}],"about":[{"href":"http:\/\/fecomercio-pe.com.br\/site\/wp-json\/wp\/v2\/types\/post"}],"author":[{"embeddable":true,"href":"http:\/\/fecomercio-pe.com.br\/site\/wp-json\/wp\/v2\/users\/12"}],"replies":[{"embeddable":true,"href":"http:\/\/fecomercio-pe.com.br\/site\/wp-json\/wp\/v2\/comments?post=11636"}],"version-history":[{"count":1,"href":"http:\/\/fecomercio-pe.com.br\/site\/wp-json\/wp\/v2\/posts\/11636\/revisions"}],"predecessor-version":[{"id":11638,"href":"http:\/\/fecomercio-pe.com.br\/site\/wp-json\/wp\/v2\/posts\/11636\/revisions\/11638"}],"wp:featuredmedia":[{"embeddable":true,"href":"http:\/\/fecomercio-pe.com.br\/site\/wp-json\/wp\/v2\/media\/11637"}],"wp:attachment":[{"href":"http:\/\/fecomercio-pe.com.br\/site\/wp-json\/wp\/v2\/media?parent=11636"}],"wp:term":[{"taxonomy":"category","embeddable":true,"href":"http:\/\/fecomercio-pe.com.br\/site\/wp-json\/wp\/v2\/categories?post=11636"},{"taxonomy":"post_tag","embeddable":true,"href":"http:\/\/fecomercio-pe.com.br\/site\/wp-json\/wp\/v2\/tags?post=11636"}],"curies":[{"name":"wp","href":"https:\/\/api.w.org\/{rel}","templated":true}]}}