{"id":11619,"date":"2025-10-31T15:39:48","date_gmt":"2025-10-31T18:39:48","guid":{"rendered":"https:\/\/fecomercio-pe.com.br\/site\/?p=11619"},"modified":"2025-11-04T15:41:28","modified_gmt":"2025-11-04T18:41:28","slug":"o-futuro-das-vendas-e-tema-do-cafe-empresarial-da-fecomercio-pe","status":"publish","type":"post","link":"http:\/\/fecomercio-pe.com.br\/site\/o-futuro-das-vendas-e-tema-do-cafe-empresarial-da-fecomercio-pe\/","title":{"rendered":"O futuro das vendas \u00e9 tema do Caf\u00e9 Empresarial da Fecom\u00e9rcio-PE"},"content":{"rendered":"<h3><em>Evento acontece no dia 5 de novembro, no Recife, e discutir\u00e1 as transforma\u00e7\u00f5es que est\u00e3o redefinindo o comportamento do consumidor e as estrat\u00e9gias comerciais das empresas<\/em><\/h3>\n<p>A Federa\u00e7\u00e3o do Com\u00e9rcio de Bens, Servi\u00e7os e Turismo do Estado de Pernambuco (Fecom\u00e9rcio-PE), por meio do Instituto Fecom\u00e9rcio, realiza, no pr\u00f3ximo dia 5 de novembro, mais uma edi\u00e7\u00e3o do Caf\u00e9 Empresarial, com o tema \u2018O Futuro das Vendas\u2019. O encontro, que acontece das 8h30 \u00e0s 12h, na sede da Fecom\u00e9rcio-PE, localizada na Av. Visconde de Suassuna, 265, Santo Amaro, Recife, busca orientar empres\u00e1rios, gestores e profissionais de vendas sobre as novas din\u00e2micas do consumo e as mudan\u00e7as que est\u00e3o transformando o mercado. As vagas s\u00e3o limitadas e as inscri\u00e7\u00f5es j\u00e1 est\u00e3o abertas pelo site <a href=\"http:\/\/www.fecomercio-pe.com.br\/\">www.fecomercio-pe.com.br<\/a>.<\/p>\n<p>O evento contar\u00e1 com a participa\u00e7\u00e3o do especialista em vendas Eduardo Duke, que apresentar\u00e1 uma palestra sobre as tend\u00eancias que est\u00e3o moldando o futuro das vendas e como os empres\u00e1rios podem se preparar adotando abordagens mais estrat\u00e9gicas. \u201cNo Caf\u00e9 Empresarial da Fecom\u00e9rcio n\u00f3s vamos falar sobre o futuro das vendas, na verdade, sobre um futuro que j\u00e1 come\u00e7ou e que est\u00e1 exigindo do empres\u00e1rio uma nova postura: mais estrat\u00e9gica, mais tecnol\u00f3gica e, ao mesmo tempo, mais humana\u201d, destaca Eduardo.<\/p>\n<p>Para o superintendente do Instituto Fecom\u00e9rcio, Ricardo Santos, o tema reflete o compromisso da institui\u00e7\u00e3o em promover debates que contribuam para o fortalecimento do empresariado pernambucano. \u201cO Caf\u00e9 Empresarial \u00e9 um espa\u00e7o de aprendizado e troca de experi\u00eancias. Trazer o tema do futuro das vendas \u00e9 uma forma de preparar os empreendedores para os desafios e oportunidades de um mercado em constante transforma\u00e7\u00e3o\u201d, afirma.<\/p>\n<p><strong>Servi\u00e7o<\/strong><\/p>\n<p><strong>Caf\u00e9 Empresarial \u2013 O Futuro das Vendas<\/strong><\/p>\n<p>Data: 05 de novembro de 2025 (domingo)<\/p>\n<p>Hor\u00e1rio: 8h30 \u00e0s 12h<\/p>\n<p>Local: Fecom\u00e9rcio-PE \u2013 Av. Visconde de Suassuna, 265, Santo Amaro, Recife-PE<\/p>\n<p>Investimento: R$ 59,90 (associados ao Cart\u00e3o do Empres\u00e1rio t\u00eam 20% de desconto)<\/p>\n<p>Inscri\u00e7\u00f5es: <a href=\"http:\/\/www.fecomercio-pe.com.br\/\">www.fecomercio-pe.com.br<\/a><\/p>\n","protected":false},"excerpt":{"rendered":"<p>Evento acontece no dia 5 de novembro, no Recife, e discutir\u00e1 as transforma\u00e7\u00f5es que est\u00e3o redefinindo o comportamento do consumidor e as estrat\u00e9gias comerciais das empresas A Federa\u00e7\u00e3o do Com\u00e9rcio de Bens, Servi\u00e7os e Turismo do Estado de Pernambuco (Fecom\u00e9rcio-PE), por meio do Instituto Fecom\u00e9rcio, realiza, no pr\u00f3ximo dia 5 de novembro, mais uma edi\u00e7\u00e3o<br \/><a href=\"http:\/\/fecomercio-pe.com.br\/site\/o-futuro-das-vendas-e-tema-do-cafe-empresarial-da-fecomercio-pe\/\" class=\"more\">Read more<\/a><\/p>\n","protected":false},"author":12,"featured_media":11620,"comment_status":"closed","ping_status":"open","sticky":false,"template":"","format":"standard","meta":{"footnotes":""},"categories":[3,4],"tags":[],"_links":{"self":[{"href":"http:\/\/fecomercio-pe.com.br\/site\/wp-json\/wp\/v2\/posts\/11619"}],"collection":[{"href":"http:\/\/fecomercio-pe.com.br\/site\/wp-json\/wp\/v2\/posts"}],"about":[{"href":"http:\/\/fecomercio-pe.com.br\/site\/wp-json\/wp\/v2\/types\/post"}],"author":[{"embeddable":true,"href":"http:\/\/fecomercio-pe.com.br\/site\/wp-json\/wp\/v2\/users\/12"}],"replies":[{"embeddable":true,"href":"http:\/\/fecomercio-pe.com.br\/site\/wp-json\/wp\/v2\/comments?post=11619"}],"version-history":[{"count":1,"href":"http:\/\/fecomercio-pe.com.br\/site\/wp-json\/wp\/v2\/posts\/11619\/revisions"}],"predecessor-version":[{"id":11621,"href":"http:\/\/fecomercio-pe.com.br\/site\/wp-json\/wp\/v2\/posts\/11619\/revisions\/11621"}],"wp:featuredmedia":[{"embeddable":true,"href":"http:\/\/fecomercio-pe.com.br\/site\/wp-json\/wp\/v2\/media\/11620"}],"wp:attachment":[{"href":"http:\/\/fecomercio-pe.com.br\/site\/wp-json\/wp\/v2\/media?parent=11619"}],"wp:term":[{"taxonomy":"category","embeddable":true,"href":"http:\/\/fecomercio-pe.com.br\/site\/wp-json\/wp\/v2\/categories?post=11619"},{"taxonomy":"post_tag","embeddable":true,"href":"http:\/\/fecomercio-pe.com.br\/site\/wp-json\/wp\/v2\/tags?post=11619"}],"curies":[{"name":"wp","href":"https:\/\/api.w.org\/{rel}","templated":true}]}}