{"id":11609,"date":"2025-10-24T11:30:25","date_gmt":"2025-10-24T14:30:25","guid":{"rendered":"https:\/\/fecomercio-pe.com.br\/site\/?p=11609"},"modified":"2025-10-28T11:15:40","modified_gmt":"2025-10-28T14:15:40","slug":"fecomercio-pe-encerra-ciclo-de-seminarios-pos-20a-missao-empresarial-com-encontro-em-jaboatao-dos-guararapes","status":"publish","type":"post","link":"http:\/\/fecomercio-pe.com.br\/site\/fecomercio-pe-encerra-ciclo-de-seminarios-pos-20a-missao-empresarial-com-encontro-em-jaboatao-dos-guararapes\/","title":{"rendered":"Fecom\u00e9rcio-PE encerra ciclo de semin\u00e1rios p\u00f3s-20\u00aa Miss\u00e3o Empresarial com encontro em Jaboat\u00e3o dos Guararapes"},"content":{"rendered":"<p><em>Empres\u00e1rios e gestores p\u00fablicos discutiram aprendizados do Jap\u00e3o e da China e apontaram caminhos para a inova\u00e7\u00e3o e o desenvolvimento regional<\/em><\/p>\n<p>A Federa\u00e7\u00e3o do Com\u00e9rcio de Bens, Servi\u00e7os e Turismo do Estado de Pernambuco (Fecom\u00e9rcio-PE) realizou, na noite da \u00faltima quarta-feira (23), o quarto Semin\u00e1rio P\u00f3s-Miss\u00e3o Empresarial Jap\u00e3o e China \u2013 Experi\u00eancias e Conex\u00f5es, no Sesc Piedade, em Jaboat\u00e3o dos Guararapes. O encontro reuniu empres\u00e1rios, gestores p\u00fablicos e representantes de institui\u00e7\u00f5es de ensino para compartilhar os aprendizados da 20\u00aa Miss\u00e3o Empresarial Nordeste do Brasil ao Jap\u00e3o e \u00e0 China, realizada entre os meses de agosto e setembro. A s\u00e9rie de semin\u00e1rios, que difundiu as experi\u00eancias e pr\u00e1ticas observadas no exterior, passou por Vit\u00f3ria de Santo Ant\u00e3o (21), Caruaru (22) e Recife (23), encerrando em Jaboat\u00e3o o ciclo de debates sobre inova\u00e7\u00e3o, tecnologia e sustentabilidade inspirados na miss\u00e3o.<\/p>\n<p>Abrindo o encontro, F\u00e1bio Oliveira, coordenador t\u00e9cnico da miss\u00e3o, destacou o papel hist\u00f3rico das miss\u00f5es internacionais promovidas pela Fecom\u00e9rcio-PE na amplia\u00e7\u00e3o do di\u00e1logo entre o setor produtivo e as pr\u00e1ticas de inova\u00e7\u00e3o observadas em diferentes economias do mundo. Ele lembrou que a comitiva contou com 65 participantes, entre empres\u00e1rios e representantes institucionais, e ressaltou que a integra\u00e7\u00e3o entre os setores p\u00fablico e privado \u00e9 essencial para transformar os aprendizados da viagem em a\u00e7\u00f5es concretas em Pernambuco. A miss\u00e3o, afirmou, buscou fortalecer a internacionaliza\u00e7\u00e3o das empresas locais e estimular a coopera\u00e7\u00e3o econ\u00f4mica entre o Estado e os mercados asi\u00e1ticos.<\/p>\n<p>O prefeito do Jaboat\u00e3o, Mano Medeiros, refor\u00e7ou a import\u00e2ncia da aproxima\u00e7\u00e3o do Nordeste com pa\u00edses como o Jap\u00e3o, destacando que a miss\u00e3o empresarial contribuiu para ampliar a visibilidade internacional do potencial econ\u00f4mico da regi\u00e3o. Segundo ele, muitos investidores estrangeiros ainda desconhecem as oportunidades existentes nos estados nordestinos, o que refor\u00e7a a necessidade de iniciativas como a promovida pela Fecom\u00e9rcio-PE. \u201cMuitas vezes o que temos de melhor no Nordeste ainda \u00e9 pouco conhecido fora do eixo Sudeste. Essas viagens mostram a for\u00e7a das nossas cadeias produtivas e ajudam a construir novos caminhos de coopera\u00e7\u00e3o internacional. O Jap\u00e3o demonstrou grande interesse em investir em \u00e1reas ligadas \u00e0 sustentabilidade e \u00e0 preven\u00e7\u00e3o de desastres clim\u00e1ticos, o que pode abrir novas frentes de parceria e desenvolvimento para Jaboat\u00e3o dos Guararapes\u201d, afirmou.<\/p>\n<p>Ao comentar as experi\u00eancias na China, Mano Medeiros ressaltou o impacto da visita \u00e0 cidade de Shenzhen, hoje um dos principais polos tecnol\u00f3gicos do mundo. Ele destacou a transforma\u00e7\u00e3o da antiga vila de pescadores em uma metr\u00f3pole de 17 milh\u00f5es de habitantes, marcada pela inova\u00e7\u00e3o e pela r\u00e1pida implementa\u00e7\u00e3o de solu\u00e7\u00f5es tecnol\u00f3gicas. \u201c\u00c9 impressionante ver como o investimento em ci\u00eancia e tecnologia transformou completamente a realidade local. Shenzhen \u00e9 um exemplo de que planejamento, educa\u00e7\u00e3o e inova\u00e7\u00e3o podem mudar o destino de uma cidade inteira\u201d, afirmou.<\/p>\n<p>Felipe Freire, Diretor financeiro do Atacad\u00e3o MEC e presidente do Sindicom Jaboat\u00e3o, compartilhou impress\u00f5es sobre a Expo Osaka 2025, realizada no Jap\u00e3o, destacando os pavilh\u00f5es do Brasil, Taiwan e do Futuro como experi\u00eancias que refor\u00e7am a import\u00e2ncia da sustentabilidade e da tecnologia humanizada. Ele destacou que o aprendizado mais valioso da miss\u00e3o foi compreender como diferentes pa\u00edses est\u00e3o conciliando inova\u00e7\u00e3o e bem-estar social, e defendeu que Pernambuco siga o mesmo caminho. \u201cPrecisamos entender nossas voca\u00e7\u00f5es, conectar institui\u00e7\u00f5es e criar um ecossistema colaborativo que envolva universidades, startups e empresas. Assim, o Estado pode avan\u00e7ar em inova\u00e7\u00e3o sem deixar o interior para tr\u00e1s\u201d, disse.<\/p>\n<p>Na mesma linha, Roberto Wagner, diretor presidente da Palma M\u00e1quinas e Ferramentas e diretor do Sindicom Jaboat\u00e3o, observou que as visitas aos pavilh\u00f5es da Alemanha e do Brasil refor\u00e7aram a necessidade de unir sustentabilidade, tecnologia e cultura como pilares de um desenvolvimento harm\u00f4nico. Ele apontou que a economia circular, a integra\u00e7\u00e3o entre sociedade e meio ambiente e o investimento em intelig\u00eancia artificial s\u00e3o tend\u00eancias que o Brasil precisa adotar de forma mais intensa. \u201cA experi\u00eancia mostrou que o futuro depende da coopera\u00e7\u00e3o entre inova\u00e7\u00e3o e responsabilidade social. Essa harmonia \u00e9 o que permite avan\u00e7ar de forma sustent\u00e1vel e competitiva\u201d, afirmou.<\/p>\n<p>Encerrando o semin\u00e1rio, o presidente do Sistema Fecom\u00e9rcio\/Sesc\/Senac Pernambuco, Bernardo Peixoto, destacou o sucesso do ciclo de encontros e o engajamento do empresariado. Segundo ele, os quatro semin\u00e1rios p\u00f3s-miss\u00e3o reuniram 593 participantes e 258 empresas inscritas, consolidando o formato como espa\u00e7o estrat\u00e9gico de compartilhamento de conhecimento e fortalecimento de parcerias. \u201cA miss\u00e3o e os semin\u00e1rios reafirmaram a capacidade de Pernambuco de dialogar com o mundo e trazer para o nosso estado ideias que geram resultados. Esse \u00e9 o papel da Fecom\u00e9rcio: conectar, formar e inspirar\u201d, concluiu o presidente.<\/p>\n","protected":false},"excerpt":{"rendered":"<p>Empres\u00e1rios e gestores p\u00fablicos discutiram aprendizados do Jap\u00e3o e da China e apontaram caminhos para a inova\u00e7\u00e3o e o desenvolvimento regional A Federa\u00e7\u00e3o do Com\u00e9rcio de Bens, Servi\u00e7os e Turismo do Estado de Pernambuco (Fecom\u00e9rcio-PE) realizou, na noite da \u00faltima quarta-feira (23), o quarto Semin\u00e1rio P\u00f3s-Miss\u00e3o Empresarial Jap\u00e3o e China \u2013 Experi\u00eancias e Conex\u00f5es, no<br \/><a href=\"http:\/\/fecomercio-pe.com.br\/site\/fecomercio-pe-encerra-ciclo-de-seminarios-pos-20a-missao-empresarial-com-encontro-em-jaboatao-dos-guararapes\/\" class=\"more\">Read more<\/a><\/p>\n","protected":false},"author":12,"featured_media":11610,"comment_status":"closed","ping_status":"open","sticky":false,"template":"","format":"standard","meta":{"footnotes":""},"categories":[3,4],"tags":[],"_links":{"self":[{"href":"http:\/\/fecomercio-pe.com.br\/site\/wp-json\/wp\/v2\/posts\/11609"}],"collection":[{"href":"http:\/\/fecomercio-pe.com.br\/site\/wp-json\/wp\/v2\/posts"}],"about":[{"href":"http:\/\/fecomercio-pe.com.br\/site\/wp-json\/wp\/v2\/types\/post"}],"author":[{"embeddable":true,"href":"http:\/\/fecomercio-pe.com.br\/site\/wp-json\/wp\/v2\/users\/12"}],"replies":[{"embeddable":true,"href":"http:\/\/fecomercio-pe.com.br\/site\/wp-json\/wp\/v2\/comments?post=11609"}],"version-history":[{"count":1,"href":"http:\/\/fecomercio-pe.com.br\/site\/wp-json\/wp\/v2\/posts\/11609\/revisions"}],"predecessor-version":[{"id":11611,"href":"http:\/\/fecomercio-pe.com.br\/site\/wp-json\/wp\/v2\/posts\/11609\/revisions\/11611"}],"wp:featuredmedia":[{"embeddable":true,"href":"http:\/\/fecomercio-pe.com.br\/site\/wp-json\/wp\/v2\/media\/11610"}],"wp:attachment":[{"href":"http:\/\/fecomercio-pe.com.br\/site\/wp-json\/wp\/v2\/media?parent=11609"}],"wp:term":[{"taxonomy":"category","embeddable":true,"href":"http:\/\/fecomercio-pe.com.br\/site\/wp-json\/wp\/v2\/categories?post=11609"},{"taxonomy":"post_tag","embeddable":true,"href":"http:\/\/fecomercio-pe.com.br\/site\/wp-json\/wp\/v2\/tags?post=11609"}],"curies":[{"name":"wp","href":"https:\/\/api.w.org\/{rel}","templated":true}]}}