{"id":11606,"date":"2025-10-24T10:55:38","date_gmt":"2025-10-24T13:55:38","guid":{"rendered":"https:\/\/fecomercio-pe.com.br\/site\/?p=11606"},"modified":"2025-10-28T11:10:15","modified_gmt":"2025-10-28T14:10:15","slug":"intercambio-com-japao-e-china-inspira-empresarios-pernambucanos-em-seminario-no-recife","status":"publish","type":"post","link":"http:\/\/fecomercio-pe.com.br\/site\/intercambio-com-japao-e-china-inspira-empresarios-pernambucanos-em-seminario-no-recife\/","title":{"rendered":"Interc\u00e2mbio com Jap\u00e3o e China inspira empres\u00e1rios pernambucanos em semin\u00e1rio no Recife"},"content":{"rendered":"<p style=\"font-weight: 400;\"><em>Semin\u00e1rio promovido pela Fecom\u00e9rcio-PE reuniu lideran\u00e7as e empreendedores para debater inova\u00e7\u00e3o, sustentabilidade e oportunidades de neg\u00f3cios globais<\/em><\/p>\n<p style=\"font-weight: 400;\">A capital pernambucana recebeu, na manh\u00e3 desta quinta-feira (23), o terceiro Semin\u00e1rio P\u00f3s-Miss\u00e3o Empresarial Jap\u00e3o e China \u2013 Experi\u00eancias e Conex\u00f5es, promovido pela Federa\u00e7\u00e3o do Com\u00e9rcio de Bens, Servi\u00e7os e Turismo do Estado de Pernambuco (Fecom\u00e9rcio-PE). Realizado na sede da institui\u00e7\u00e3o, no bairro de Santo Amaro, o encontro reuniu empres\u00e1rios, gestores p\u00fablicos e representantes de institui\u00e7\u00f5es de ensino para compartilhar os aprendizados da 20\u00aa Miss\u00e3o Empresarial Nordeste\u00a0do Brasil\u00a0ao Jap\u00e3o e \u00e0 China, realizada entre os meses de agosto e setembro. A s\u00e9rie de semin\u00e1rios, que difunde as experi\u00eancias e pr\u00e1ticas observadas no exterior, j\u00e1 passou por Vit\u00f3ria de Santo Ant\u00e3o (21) e Caruaru (22), e encerra o ciclo ainda nesta quinta-feira \u00e0 noite, no Sesc Piedade,\u00a0em Jaboat\u00e3o dos Guararapes.<\/p>\n<p style=\"font-weight: 400;\">Na abertura, o presidente do Sistema Fecom\u00e9rcio\/Sesc\/Senac Pernambuco, Bernardo Peixoto, destacou o papel da miss\u00e3o como instrumento de desenvolvimento, inova\u00e7\u00e3o e fortalecimento do setor produtivo local. Ele ressaltou que o contato com modelos de gest\u00e3o e tecnologias de pa\u00edses l\u00edderes no cen\u00e1rio global amplia o olhar estrat\u00e9gico dos empres\u00e1rios pernambucanos e refor\u00e7a o compromisso da institui\u00e7\u00e3o com a educa\u00e7\u00e3o empreendedora. \u201cCada viagem internacional representa uma oportunidade de aprendizado e de amplia\u00e7\u00e3o de horizontes. O Jap\u00e3o e a China mostraram que \u00e9 poss\u00edvel crescer com planejamento, inova\u00e7\u00e3o e compromisso com as pessoas. Nosso papel \u00e9 transformar essas experi\u00eancias em a\u00e7\u00f5es concretas para Pernambuco\u201d, afirmou o\u00a0presidente.<\/p>\n<p style=\"font-weight: 400;\">O coordenador t\u00e9cnico da miss\u00e3o, F\u00e1bio Oliveira, refor\u00e7ou que o projeto alcan\u00e7ou um novo patamar ao se desdobrar em uma s\u00e9rie de encontros regionais, com o objetivo de disseminar os aprendizados e fortalecer o di\u00e1logo entre os setores produtivo, p\u00fablico e acad\u00eamico. Ele destacou que a Fecom\u00e9rcio busca aproximar as experi\u00eancias internacionais da realidade pernambucana, estimulando a ado\u00e7\u00e3o de boas pr\u00e1ticas e estrat\u00e9gias voltadas para o crescimento sustent\u00e1vel. \u201cEsses semin\u00e1rios s\u00e3o uma extens\u00e3o viva da miss\u00e3o. O Jap\u00e3o nos ensina sobre precis\u00e3o e efici\u00eancia, enquanto a China mostra como escalar a inova\u00e7\u00e3o. S\u00e3o vis\u00f5es diferentes, mas complementares, que nos inspiram a pensar Pernambuco com a mesma ousadia\u201d, explicou F\u00e1bio.<\/p>\n<p style=\"font-weight: 400;\">A empres\u00e1ria\u00a0do Loj\u00e3o dos Cal\u00e7ados Regina de F\u00e1tima\u00a0compartilhou suas impress\u00f5es sobre a etapa japonesa da miss\u00e3o, destacando o impacto das visitas \u00e0 Expo Osaka 2025 e \u00e0 Jica (Ag\u00eancia de Coopera\u00e7\u00e3o Internacional do Jap\u00e3o). Segundo ela, o aprendizado vai al\u00e9m da tecnologia, alcan\u00e7ando valores como disciplina, prop\u00f3sito e coletividade, que sustentam a cultura de inova\u00e7\u00e3o japonesa. \u201cO Jap\u00e3o nos mostrou que inova\u00e7\u00e3o \u00e9 resultado de cultura, disciplina e respeito coletivo. A forma como eles integram tradi\u00e7\u00e3o e futuro \u00e9 inspiradora. Voltei com a certeza de que podemos aplicar esses princ\u00edpios nos nossos neg\u00f3cios e nas rela\u00e7\u00f5es de trabalho\u201d, afirmou.<\/p>\n<p style=\"font-weight: 400;\">O empres\u00e1rio Elias Salom\u00e3o, s\u00f3cio-gerente da Drogaria Madalena e vice-presidente do Sincofarma-PE, destacou as li\u00e7\u00f5es observadas na etapa chinesa da miss\u00e3o, especialmente na cidade de Shenzhen, considerada o principal polo tecnol\u00f3gico do pa\u00eds. Ele ressaltou que o grupo se impressionou com a velocidade das transforma\u00e7\u00f5es urbanas e com a escala das inova\u00e7\u00f5es implementadas em um curto per\u00edodo. \u201cO que mais impressiona na China \u00e9 a velocidade com que as coisas acontecem. Shenzhen \u00e9 um exemplo de transforma\u00e7\u00e3o, uma cidade que em poucas d\u00e9cadas se tornou refer\u00eancia mundial em tecnologia e inova\u00e7\u00e3o. Isso nos ensina sobre planejamento e execu\u00e7\u00e3o, dois pontos essenciais para quem quer crescer no Brasil\u201d, avaliou.<\/p>\n<p style=\"font-weight: 400;\">J\u00e1 o CEO da BBG Telecom, Bruno Campelo, ressaltou o dinamismo e a vis\u00e3o de futuro que marcam o ambiente de neg\u00f3cios chin\u00eas, onde inova\u00e7\u00e3o e log\u00edstica caminham juntas. Ele destacou que as visitas \u00e0s empresas Huawei e Meituan revelaram um ecossistema empresarial voltado para a efici\u00eancia e a experi\u00eancia do consumidor, com uso intenso de dados e tecnologia. \u201cA China \u00e9 uma verdadeira escola de gest\u00e3o e inova\u00e7\u00e3o. Eles t\u00eam uma capacidade impressionante de pensar grande e agir r\u00e1pido, com foco em resultados e sustentabilidade. Isso nos inspira a repensar processos e buscar solu\u00e7\u00f5es mais eficientes\u201d, comentou Bruno.<\/p>\n<p style=\"font-weight: 400;\">Encerrando o encontro, F\u00e1bio Oliveira ressaltou o papel do Sistema Fecom\u00e9rcio como ponte entre experi\u00eancias internacionais e oportunidades locais. Ele lembrou que a miss\u00e3o empresarial, ao aproximar empres\u00e1rios de diferentes segmentos, estimula o surgimento de parcerias, amplia horizontes e fortalece a cultura empreendedora em Pernambuco. \u201cCada miss\u00e3o abre novos caminhos para o empresariado pernambucano. Nosso desafio agora \u00e9 transformar o que vimos em projetos reais, que gerem impacto e crescimento sustent\u00e1vel\u201d, afirmou.<\/p>\n","protected":false},"excerpt":{"rendered":"<p>Semin\u00e1rio promovido pela Fecom\u00e9rcio-PE reuniu lideran\u00e7as e empreendedores para debater inova\u00e7\u00e3o, sustentabilidade e oportunidades de neg\u00f3cios globais A capital pernambucana recebeu, na manh\u00e3 desta quinta-feira (23), o terceiro Semin\u00e1rio P\u00f3s-Miss\u00e3o Empresarial Jap\u00e3o e China \u2013 Experi\u00eancias e Conex\u00f5es, promovido pela Federa\u00e7\u00e3o do Com\u00e9rcio de Bens, Servi\u00e7os e Turismo do Estado de Pernambuco (Fecom\u00e9rcio-PE). Realizado na<br \/><a href=\"http:\/\/fecomercio-pe.com.br\/site\/intercambio-com-japao-e-china-inspira-empresarios-pernambucanos-em-seminario-no-recife\/\" class=\"more\">Read more<\/a><\/p>\n","protected":false},"author":12,"featured_media":11607,"comment_status":"closed","ping_status":"open","sticky":false,"template":"","format":"standard","meta":{"footnotes":""},"categories":[3,4],"tags":[],"_links":{"self":[{"href":"http:\/\/fecomercio-pe.com.br\/site\/wp-json\/wp\/v2\/posts\/11606"}],"collection":[{"href":"http:\/\/fecomercio-pe.com.br\/site\/wp-json\/wp\/v2\/posts"}],"about":[{"href":"http:\/\/fecomercio-pe.com.br\/site\/wp-json\/wp\/v2\/types\/post"}],"author":[{"embeddable":true,"href":"http:\/\/fecomercio-pe.com.br\/site\/wp-json\/wp\/v2\/users\/12"}],"replies":[{"embeddable":true,"href":"http:\/\/fecomercio-pe.com.br\/site\/wp-json\/wp\/v2\/comments?post=11606"}],"version-history":[{"count":1,"href":"http:\/\/fecomercio-pe.com.br\/site\/wp-json\/wp\/v2\/posts\/11606\/revisions"}],"predecessor-version":[{"id":11608,"href":"http:\/\/fecomercio-pe.com.br\/site\/wp-json\/wp\/v2\/posts\/11606\/revisions\/11608"}],"wp:featuredmedia":[{"embeddable":true,"href":"http:\/\/fecomercio-pe.com.br\/site\/wp-json\/wp\/v2\/media\/11607"}],"wp:attachment":[{"href":"http:\/\/fecomercio-pe.com.br\/site\/wp-json\/wp\/v2\/media?parent=11606"}],"wp:term":[{"taxonomy":"category","embeddable":true,"href":"http:\/\/fecomercio-pe.com.br\/site\/wp-json\/wp\/v2\/categories?post=11606"},{"taxonomy":"post_tag","embeddable":true,"href":"http:\/\/fecomercio-pe.com.br\/site\/wp-json\/wp\/v2\/tags?post=11606"}],"curies":[{"name":"wp","href":"https:\/\/api.w.org\/{rel}","templated":true}]}}