{"id":11602,"date":"2025-10-23T15:06:05","date_gmt":"2025-10-23T18:06:05","guid":{"rendered":"https:\/\/fecomercio-pe.com.br\/site\/?p=11602"},"modified":"2025-10-24T08:56:45","modified_gmt":"2025-10-24T11:56:45","slug":"seminario-pos-missao-empresarial-japao-e-china-realizado-em-caruaru-apresenta-possibilidades-de-comercializacao-com-paises-asiaticos","status":"publish","type":"post","link":"http:\/\/fecomercio-pe.com.br\/site\/seminario-pos-missao-empresarial-japao-e-china-realizado-em-caruaru-apresenta-possibilidades-de-comercializacao-com-paises-asiaticos\/","title":{"rendered":"Semin\u00e1rio P\u00f3s-Miss\u00e3o Empresarial Jap\u00e3o e China realizado em Caruaru apresenta possibilidades de comercializa\u00e7\u00e3o com pa\u00edses asi\u00e1ticos"},"content":{"rendered":"<p><em>Participantes refor\u00e7am a import\u00e2ncia da capacita\u00e7\u00e3o para empres\u00e1rios<\/em><\/p>\n<p>Audit\u00f3rio lotado no Semin\u00e1rio P\u00f3s-Miss\u00e3o Empresarial Jap\u00e3o e China \u2013 Experi\u00eancias e Conex\u00f5es, realizado em Caruaru, no \u00faltimo dia 22 de outubro. Autoridades, empres\u00e1rios e profissionais da educa\u00e7\u00e3o prestigiaram a atividade para difundir os resultados da 20\u00aa Miss\u00e3o Empresarial Nordeste do Brasil ao Jap\u00e3o e \u00e0 China, realizada neste ano. O presidente do Sistema Fecom\u00e9rcio\/Sesc\/Senac\u2013PE, Bernardo Peixoto, deu as boas-vindas aos quase 200 participantes. Para ele, a miss\u00e3o mostrou que a possibilidade de exporta\u00e7\u00e3o n\u00e3o \u00e9 restrita a grandes empresas, mas \u00e9 preciso prepara\u00e7\u00e3o. \u201cCalcula-se que 60% da exporta\u00e7\u00e3o na China s\u00e3o de micro, pequenas e m\u00e9dias empresas. Hoje, o Sistema Fecom\u00e9rcio\/Sesc\/Senac tem um programa com a Apex para preparar at\u00e9 150 empresas para exporta\u00e7\u00e3o. O Sistema Fecom\u00e9rcio est\u00e1 para ajudar a todos\u201d, destacou Bernardo Peixoto.<\/p>\n<p>O encontro em Caruaru contou com a apresenta\u00e7\u00e3o de F\u00e1bio Oliveira, coordenador t\u00e9cnico da miss\u00e3o, e a participa\u00e7\u00e3o de Manoel Santos, diretor-presidente da Cazanova Material de Constru\u00e7\u00e3o e Distribui\u00e7\u00e3o e presidente do Sincomex-PE; Michel Jean, diretor-presidente da BCNE Contabilidade e diretor do Sindloja Caruaru; e Augusto Costa, CEO da Tok Pr\u00e1tico e presidente do Sindloja Caruaru. Todos tamb\u00e9m participaram da miss\u00e3o.<\/p>\n<p>F\u00e1bio Oliveira apresentou momentos da viagem que geraram aprendizados, como a Expo Osaka 25, exposi\u00e7\u00e3o internacional que reuniu mais de 170 pa\u00edses para discutir a sociedade do futuro, com foco em bem-estar, empoderamento e conex\u00f5es. Para ele, \u00e9 preciso ter esse olhar ao planejar a\u00e7\u00f5es. O empres\u00e1rio trouxe ainda a situa\u00e7\u00e3o do Jap\u00e3o, que j\u00e1 foi a segunda pot\u00eancia econ\u00f4mica mundial e hoje ocupa a quarta posi\u00e7\u00e3o, e que precisa se adequar diante de uma popula\u00e7\u00e3o com mais idosos, sinalizando que a popula\u00e7\u00e3o brasileira tamb\u00e9m est\u00e1 envelhecendo. Da China, destacou Shenzhen, uma vila de pescadores sem muitas perspectivas que se transformou em uma das cidades mais inovadoras do pa\u00eds, com mais de 17 mil empresas de tecnologia. Citou exemplos de solu\u00e7\u00f5es tecnol\u00f3gicas e sustent\u00e1veis. \u201cUm pr\u00e9dio que visitamos era capaz de realizar a absor\u00e7\u00e3o de g\u00e1s carb\u00f4nico e promover o processo artificial de fotoss\u00edntese. \u00c9 a inventividade humana fazendo frente aos desafios\u201d. Como conclus\u00e3o da miss\u00e3o, sinalizou a necessidade de uma permanente capacita\u00e7\u00e3o profissional e empresarial.<\/p>\n<p>Augusto Costa tamb\u00e9m mencionou a import\u00e2ncia de uma prepara\u00e7\u00e3o para negociar com os pa\u00edses asi\u00e1ticos. \u201cA gente sabe que nossa cultura \u00e9 male\u00e1vel, tudo se ajusta, mas \u00e9 preciso ter olhar na efici\u00eancia. Temos que aprender com o Jap\u00e3o e fazer acontecer. N\u00e3o \u00e9 s\u00f3 querer. \u00c9 preciso ter a qualidade exigida por eles\u201d, disse.<\/p>\n<p>Manoel Santos lembrou da participa\u00e7\u00e3o no Semin\u00e1rio sobre Oportunidades de Investimentos e de Neg\u00f3cios no Nordeste do Brasil, \u00faltima atividade da miss\u00e3o, ao mencionar as v\u00e1rias possibilidades de comercializa\u00e7\u00e3o. \u201cNo caso de Pernambuco, h\u00e1 espa\u00e7o para exportar frutas, confec\u00e7\u00e3o, m\u00f3veis, entre outros produtos. H\u00e1 espa\u00e7o para fazer neg\u00f3cios. Caruaru, por exemplo, tem muitos importadores da China\u201d, afirmou.<\/p>\n<p>Michel Jean destacou tamb\u00e9m a necessidade de trazer os asi\u00e1ticos para conhecer o Brasil, tornando o interc\u00e2mbio uma via de m\u00e3o dupla. Ele elogiou o grupo formado para a miss\u00e3o deste ano, ressaltando que o crescimento n\u00e3o pode ficar restrito aos empres\u00e1rios. \u201cMuito importante a presen\u00e7a de pol\u00edticos na miss\u00e3o para observar o modelo de gest\u00e3o nas cidades, onde tudo \u00e9 monitorado. E existe muita solu\u00e7\u00e3o que \u00e9 poss\u00edvel trazer, promovendo o desenvolvimento n\u00e3o s\u00f3 na iniciativa privada, mas tamb\u00e9m na esfera p\u00fablica\u201d.<\/p>\n<p>O Semin\u00e1rio manteve a aten\u00e7\u00e3o do p\u00fablico, que permaneceu at\u00e9 o final. O diretor do Campus Agreste da Universidade Federal de Pernambuco, Dilson Cavalcante, elogiou o evento por promover a conex\u00e3o entre setores. \u201cTodos os casos relatados trouxeram o papel das universidades junto com os empres\u00e1rios para gerar um ecossistema forte de desenvolvimento. Acho que o desafio de Caruaru \u00e9 se aproximar cada vez mais desse ideal de juntar as universidades com as empresas e o Governo, para que a gente crie um ambiente adequado para o desenvolvimento tecnol\u00f3gico, inovador e tamb\u00e9m sustent\u00e1vel\u201d.<\/p>\n<p>A empres\u00e1ria Karen Queiroz atua nos setores automobil\u00edstico, de confec\u00e7\u00e3o e aviamentos, e j\u00e1 fez curso sobre com\u00e9rcio exterior oferecido pela Apex. Foi ao semin\u00e1rio em busca de informa\u00e7\u00f5es sobre neg\u00f3cios com a China. \u201cEu vejo uma ponte facilitadora para agregar o meu trabalho e chegar onde almejamos, que \u00e9 o crescimento empresarial\u201d, explicou.<\/p>\n<p>A Miss\u00e3o Empresarial Nordeste do Brasil ao Jap\u00e3o e \u00e0 China contou com 65 participantes, entre empres\u00e1rios, representantes de entidades de classe, autoridades p\u00fablicas e dirigentes de institui\u00e7\u00f5es de estados como Rio de Janeiro, Rio Grande do Sul e Rio Grande do Norte, al\u00e9m de Pernambuco. Foram 18 dias com encontros, visitas e participa\u00e7\u00e3o em feiras internacionais em quatro cidades: Osaka e T\u00f3quio, no Jap\u00e3o, e Shenzhen e Pequim, na China. A miss\u00e3o teve o apoio do Senac-PE, do Sesc-PE e do Sebrae-PE.<\/p>\n<p>O diretor-presidente do NTCPE, Pedro Miranda, tamb\u00e9m marcou presen\u00e7a e ressaltou a import\u00e2ncia de mostrar que \u00e9 poss\u00edvel comercializar com os pa\u00edses asi\u00e1ticos. \u201cEu conversei com alguns colegas empres\u00e1rios que foram para a miss\u00e3o e o sentimento deles \u00e9 que o ambiente de neg\u00f3cio l\u00e1 \u00e9 muito favor\u00e1vel, que existe facilidade de se fazer neg\u00f3cio<\/p>\n","protected":false},"excerpt":{"rendered":"<p>Participantes refor\u00e7am a import\u00e2ncia da capacita\u00e7\u00e3o para empres\u00e1rios Audit\u00f3rio lotado no Semin\u00e1rio P\u00f3s-Miss\u00e3o Empresarial Jap\u00e3o e China \u2013 Experi\u00eancias e Conex\u00f5es, realizado em Caruaru, no \u00faltimo dia 22 de outubro. Autoridades, empres\u00e1rios e profissionais da educa\u00e7\u00e3o prestigiaram a atividade para difundir os resultados da 20\u00aa Miss\u00e3o Empresarial Nordeste do Brasil ao Jap\u00e3o e \u00e0 China,<br \/><a href=\"http:\/\/fecomercio-pe.com.br\/site\/seminario-pos-missao-empresarial-japao-e-china-realizado-em-caruaru-apresenta-possibilidades-de-comercializacao-com-paises-asiaticos\/\" class=\"more\">Read more<\/a><\/p>\n","protected":false},"author":12,"featured_media":11603,"comment_status":"closed","ping_status":"open","sticky":false,"template":"","format":"standard","meta":{"footnotes":""},"categories":[3,4],"tags":[],"_links":{"self":[{"href":"http:\/\/fecomercio-pe.com.br\/site\/wp-json\/wp\/v2\/posts\/11602"}],"collection":[{"href":"http:\/\/fecomercio-pe.com.br\/site\/wp-json\/wp\/v2\/posts"}],"about":[{"href":"http:\/\/fecomercio-pe.com.br\/site\/wp-json\/wp\/v2\/types\/post"}],"author":[{"embeddable":true,"href":"http:\/\/fecomercio-pe.com.br\/site\/wp-json\/wp\/v2\/users\/12"}],"replies":[{"embeddable":true,"href":"http:\/\/fecomercio-pe.com.br\/site\/wp-json\/wp\/v2\/comments?post=11602"}],"version-history":[{"count":1,"href":"http:\/\/fecomercio-pe.com.br\/site\/wp-json\/wp\/v2\/posts\/11602\/revisions"}],"predecessor-version":[{"id":11604,"href":"http:\/\/fecomercio-pe.com.br\/site\/wp-json\/wp\/v2\/posts\/11602\/revisions\/11604"}],"wp:featuredmedia":[{"embeddable":true,"href":"http:\/\/fecomercio-pe.com.br\/site\/wp-json\/wp\/v2\/media\/11603"}],"wp:attachment":[{"href":"http:\/\/fecomercio-pe.com.br\/site\/wp-json\/wp\/v2\/media?parent=11602"}],"wp:term":[{"taxonomy":"category","embeddable":true,"href":"http:\/\/fecomercio-pe.com.br\/site\/wp-json\/wp\/v2\/categories?post=11602"},{"taxonomy":"post_tag","embeddable":true,"href":"http:\/\/fecomercio-pe.com.br\/site\/wp-json\/wp\/v2\/tags?post=11602"}],"curies":[{"name":"wp","href":"https:\/\/api.w.org\/{rel}","templated":true}]}}