{"id":11599,"date":"2025-10-23T12:48:37","date_gmt":"2025-10-23T15:48:37","guid":{"rendered":"https:\/\/fecomercio-pe.com.br\/site\/?p=11599"},"modified":"2025-10-24T08:51:42","modified_gmt":"2025-10-24T11:51:42","slug":"fecomercio-pe-inicia-em-vitoria-serie-de-seminarios-pos-missao-empresarial-ao-japao-e-a-china","status":"publish","type":"post","link":"http:\/\/fecomercio-pe.com.br\/site\/fecomercio-pe-inicia-em-vitoria-serie-de-seminarios-pos-missao-empresarial-ao-japao-e-a-china\/","title":{"rendered":"Fecom\u00e9rcio-PE inicia em Vit\u00f3ria s\u00e9rie de semin\u00e1rios p\u00f3s-miss\u00e3o empresarial ao Jap\u00e3o e \u00e0 China"},"content":{"rendered":"<p><em>Encontro destacou experi\u00eancias de inova\u00e7\u00e3o, sustentabilidade e oportunidades de neg\u00f3cios vivenciadas pela comitiva pernambucana na \u00c1sia<\/em><\/p>\n<p>O primeiro Semin\u00e1rio P\u00f3s-Miss\u00e3o Empresarial Jap\u00e3o e China \u2013 Experi\u00eancias e Conex\u00f5es, promovido pela Federa\u00e7\u00e3o do Com\u00e9rcio de Bens, Servi\u00e7os e Turismo do Estado de Pernambuco (Fecom\u00e9rcio-PE), foi realizado nesta ter\u00e7a-feira (21), na Unifacol, em Vit\u00f3ria de Santo Ant\u00e3o. O evento marcou o in\u00edcio da s\u00e9rie de encontros que ir\u00e1 difundir os resultados da 20\u00aa Miss\u00e3o Empresarial Nordeste ao Jap\u00e3o e \u00e0 China, reunindo lideran\u00e7as empresariais, gestores p\u00fablicos e institui\u00e7\u00f5es de ensino para debater inova\u00e7\u00e3o, tecnologia e sustentabilidade a partir das experi\u00eancias vividas pela delega\u00e7\u00e3o.<\/p>\n<p>Na abertura, o presidente do Sistema Fecom\u00e9rcio\/Sesc\/Senac Pernambuco, Bernardo Peixoto, destacou o papel de Vit\u00f3ria como polo de desenvolvimento e o compromisso da institui\u00e7\u00e3o com a forma\u00e7\u00e3o empreendedora no interior do estado. Ele tamb\u00e9m ressaltou a import\u00e2ncia das conex\u00f5es internacionais firmadas pela miss\u00e3o e os impactos positivos que essas experi\u00eancias podem gerar para a economia local. \u201cVit\u00f3ria \u00e9 um exemplo de gest\u00e3o eficiente e empreendedorismo ativo, e a miss\u00e3o nos permitiu fortalecer esse potencial ao gerar conex\u00f5es internacionais que inspiram novos projetos locais. Visitas como as \u00e0 Huawei e \u00e0 Meituan mostraram, na pr\u00e1tica, como a inova\u00e7\u00e3o pode transformar neg\u00f3cios e gerar impactos concretos na economia. Este \u00e9 o primeiro de quatro semin\u00e1rios que ampliar\u00e3o esse di\u00e1logo em Pernambuco\u201d, afirmou o dirigente.<\/p>\n<p>O coordenador t\u00e9cnico da miss\u00e3o, F\u00e1bio Oliveira, conduziu o talk show e refor\u00e7ou o car\u00e1ter in\u00e9dito do projeto, que pela primeira vez se desdobra em uma s\u00e9rie de encontros regionais. Ele destacou a escolha de Vit\u00f3ria como ponto de partida da programa\u00e7\u00e3o, ressaltando o momento de expans\u00e3o econ\u00f4mica e educacional que o munic\u00edpio vive. Segundo ele, a cidade simboliza o potencial do interior para incorporar modelos de desenvolvimento inspirados em pr\u00e1ticas internacionais. \u201cVit\u00f3ria inaugura essa jornada de troca e aprendizado, e nada mais justo. O munic\u00edpio vive uma transforma\u00e7\u00e3o importante, resultado de uma gest\u00e3o comprometida e de um ambiente empresarial din\u00e2mico, o que dialoga com tudo o que vimos na \u00c1sia\u201d, disse.<\/p>\n<p>Um dos temas mais comentados foi a Expo Osaka 2025, refer\u00eancia para debates sobre inova\u00e7\u00e3o e sustentabilidade. A diretora comercial da Sucesso no Resultado, Maria Helena Ara\u00fajo, relatou que a visita \u00e0 feira foi uma das experi\u00eancias mais marcantes da miss\u00e3o, por mostrar como a inova\u00e7\u00e3o pode estar presente em todos os aspectos da vida cotidiana. \u201cA Expo me impactou muito. Cada pavilh\u00e3o tinha um prop\u00f3sito e mostrava que a inova\u00e7\u00e3o est\u00e1 ligada \u00e0 mentalidade, n\u00e3o apenas \u00e0 tecnologia. Foi inspirador ver fam\u00edlias inteiras vivenciando o futuro de forma t\u00e3o integrada\u201d, afirmou.<\/p>\n<p>O prefeito de Vit\u00f3ria de Santo Ant\u00e3o, Paulo Roberto, ressaltou o car\u00e1ter humano das inova\u00e7\u00f5es apresentadas e destacou o pavilh\u00e3o brasileiro como um dos pontos altos do evento, por valorizar a natureza e o povo como parte essencial do futuro sustent\u00e1vel. \u201cA gente viu ali o que ser\u00e1 o futuro, mas a maior tecnologia ainda ser\u00e1 o ser humano. O pavilh\u00e3o do Brasil me emocionou pela simplicidade e pela forma de valorizar nossa natureza e nossas pessoas. Se n\u00e3o cuidarmos disso, n\u00e3o teremos um futuro inovador\u201d, disse, agradecendo \u00e0 Fecom\u00e9rcio pela oportunidade de participar da comitiva.<\/p>\n<p>Na programa\u00e7\u00e3o t\u00e9cnica em T\u00f3quio, a comitiva visitou institui\u00e7\u00f5es como Jica, Jetro, Banco do Brasil e a C\u00e2mara Brasileira de Com\u00e9rcio, fortalecendo o interc\u00e2mbio e a valoriza\u00e7\u00e3o do potencial brasileiro. O prefeito destacou que o encontro refor\u00e7ou a capacidade nacional de inovar. \u201cSa\u00edmos convencidos de que o Brasil tem muito a oferecer. Somos criativos, temos conhecimento e precisamos acreditar mais em nossa capacidade de exportar inova\u00e7\u00e3o. O Sistema S mostra essa compet\u00eancia ao promover miss\u00f5es como essa\u201d, avaliou.<\/p>\n<p>A etapa na China revelou a for\u00e7a do pa\u00eds em planejamento e execu\u00e7\u00e3o. Em Shenzhen, o grupo se impressionou com o avan\u00e7o tecnol\u00f3gico e a transforma\u00e7\u00e3o urbana, que, em poucas d\u00e9cadas, converteram uma antiga vila de pescadores em uma das cidades mais inovadoras do mundo. As visitas a empresas como Meituan e Huawei evidenciaram o dinamismo do com\u00e9rcio local e abriram possibilidades de futuras parcerias. Para Maria Helena, \u201ca capacidade criativa e a rapidez de execu\u00e7\u00e3o dos chineses impressionam. As marcas locais t\u00eam alt\u00edssimo n\u00edvel de qualidade, e negociar ali \u00e9 uma verdadeira escola para qualquer empres\u00e1rio\u201d.<\/p>\n<p>Ao final do semin\u00e1rio, os debatedores refletiram sobre os principais aprendizados da miss\u00e3o e os impactos que essas experi\u00eancias internacionais podem ter nos neg\u00f3cios locais. O empres\u00e1rio Jo\u00e3o Maciel, diretor-presidente do Loj\u00e3o dos Cal\u00e7ados e presidente do Sincomcape-PE, destacou os resultados pr\u00e1ticos obtidos durante a viagem, ressaltando como a organiza\u00e7\u00e3o, a a\u00e7\u00e3o e o planejamento apresentados nas visitas podem ser aplicados no cotidiano empresarial. \u201cAprendemos sobre organiza\u00e7\u00e3o e a\u00e7\u00e3o. A miss\u00e3o foi excelente e trouxe li\u00e7\u00f5es que j\u00e1 estamos aplicando em nossos neg\u00f3cios\u201d, afirmou.<\/p>\n<p>O coordenador t\u00e9cnico da miss\u00e3o, F\u00e1bio Oliveira, enfatizou a import\u00e2ncia da iniciativa como ponte entre experi\u00eancias internacionais e oportunidades locais, destacando que a miss\u00e3o proporciona aprendizado, parcerias e vis\u00e3o estrat\u00e9gica para empres\u00e1rios pernambucanos. Ele tamb\u00e9m lembrou que a programa\u00e7\u00e3o segue ampliando o alcance do projeto, com os pr\u00f3ximos Semin\u00e1rios P\u00f3s-Miss\u00e3o Empresarial Jap\u00e3o e China, nesta ter\u00e7a-feira (22) em Caruaru, e nos dias 23 em Recife e em Jaboat\u00e3o dos Guararapes. \u201cAs miss\u00f5es da Fecom\u00e9rcio abrem portas e constroem pontes entre mercados. O que vimos na \u00c1sia mostra que inova\u00e7\u00e3o e capacita\u00e7\u00e3o precisam caminhar juntas, e temos todas as condi\u00e7\u00f5es de avan\u00e7ar com o apoio do nosso Sistema S\u201d, afirmou, concluindo a rodada de debates com foco no desenvolvimento sustent\u00e1vel e na educa\u00e7\u00e3o como base para o crescimento econ\u00f4mico local.<\/p>\n<p>&nbsp;<\/p>\n","protected":false},"excerpt":{"rendered":"<p>Encontro destacou experi\u00eancias de inova\u00e7\u00e3o, sustentabilidade e oportunidades de neg\u00f3cios vivenciadas pela comitiva pernambucana na \u00c1sia O primeiro Semin\u00e1rio P\u00f3s-Miss\u00e3o Empresarial Jap\u00e3o e China \u2013 Experi\u00eancias e Conex\u00f5es, promovido pela Federa\u00e7\u00e3o do Com\u00e9rcio de Bens, Servi\u00e7os e Turismo do Estado de Pernambuco (Fecom\u00e9rcio-PE), foi realizado nesta ter\u00e7a-feira (21), na Unifacol, em Vit\u00f3ria de Santo Ant\u00e3o.<br \/><a href=\"http:\/\/fecomercio-pe.com.br\/site\/fecomercio-pe-inicia-em-vitoria-serie-de-seminarios-pos-missao-empresarial-ao-japao-e-a-china\/\" class=\"more\">Read more<\/a><\/p>\n","protected":false},"author":12,"featured_media":11600,"comment_status":"closed","ping_status":"open","sticky":false,"template":"","format":"standard","meta":{"footnotes":""},"categories":[3,4],"tags":[],"_links":{"self":[{"href":"http:\/\/fecomercio-pe.com.br\/site\/wp-json\/wp\/v2\/posts\/11599"}],"collection":[{"href":"http:\/\/fecomercio-pe.com.br\/site\/wp-json\/wp\/v2\/posts"}],"about":[{"href":"http:\/\/fecomercio-pe.com.br\/site\/wp-json\/wp\/v2\/types\/post"}],"author":[{"embeddable":true,"href":"http:\/\/fecomercio-pe.com.br\/site\/wp-json\/wp\/v2\/users\/12"}],"replies":[{"embeddable":true,"href":"http:\/\/fecomercio-pe.com.br\/site\/wp-json\/wp\/v2\/comments?post=11599"}],"version-history":[{"count":1,"href":"http:\/\/fecomercio-pe.com.br\/site\/wp-json\/wp\/v2\/posts\/11599\/revisions"}],"predecessor-version":[{"id":11601,"href":"http:\/\/fecomercio-pe.com.br\/site\/wp-json\/wp\/v2\/posts\/11599\/revisions\/11601"}],"wp:featuredmedia":[{"embeddable":true,"href":"http:\/\/fecomercio-pe.com.br\/site\/wp-json\/wp\/v2\/media\/11600"}],"wp:attachment":[{"href":"http:\/\/fecomercio-pe.com.br\/site\/wp-json\/wp\/v2\/media?parent=11599"}],"wp:term":[{"taxonomy":"category","embeddable":true,"href":"http:\/\/fecomercio-pe.com.br\/site\/wp-json\/wp\/v2\/categories?post=11599"},{"taxonomy":"post_tag","embeddable":true,"href":"http:\/\/fecomercio-pe.com.br\/site\/wp-json\/wp\/v2\/tags?post=11599"}],"curies":[{"name":"wp","href":"https:\/\/api.w.org\/{rel}","templated":true}]}}